{"id":102,"date":"2021-02-11T17:46:48","date_gmt":"2021-02-11T20:46:48","guid":{"rendered":"https:\/\/paponavaranda.blog.br\/?p=102"},"modified":"2022-02-16T21:39:35","modified_gmt":"2022-02-17T00:39:35","slug":"um-prato-de-comida","status":"publish","type":"post","link":"https:\/\/paponavaranda.blog.br\/?p=102","title":{"rendered":"<strong>UM PRATO DE COMIDA<\/strong>"},"content":{"rendered":"\n<p class=\"wp-block-paragraph\">Flavio Terracini (nome fict\u00edcio para um personagem real, de uma hist\u00f3ria real um pouco fict\u00edcia) acordou com o sol batendo em seu rosto. Espregui\u00e7ou longamente enquanto lembrava quantas vezes acordou assim e por que.<\/p>\n\n\n\n<p class=\"wp-block-paragraph\">Flavio estava no 3\u00ba ano do Colegial\/ Cl\u00e1ssico do Col\u00e9gio N.S. do Carmo, pois seu sonho era estudar jornalismo. Tinha muitos &nbsp;amigos na escola por ser muito comunicativo. Um dos melhores era o Paulo Celso. Tinha uma vida muito confort\u00e1vel, pois seu pai era dono de uma famosa f\u00e1brica de sapatos. Depois da conclus\u00e3o do Colegial cada qual seguiu seu caminho. Alguns anos mais tarde Paulo estava estudando quando soou a campainha da casa. Ele foi ver quem tocava e era o Flavio na cal\u00e7ada. Mas ele tinha um aspecto estranho, mal vestido e barba por fazer. Paulo o convidou para entrar e sentaram-se nas poltronas que havia na varandinha da casa. Flavio pediu um copo de \u00e1gua e Paulo trouxe. Paulo come\u00e7ou:<\/p>\n\n\n\n<p class=\"wp-block-paragraph\">&#8211; Quanto tempo n\u00e3o Flavio? O que voc\u00ea anda fazendo?<\/p>\n\n\n\n<p class=\"wp-block-paragraph\">Flavio olhou bem para Paulo e come\u00e7ou a falar:<\/p>\n\n\n\n<p class=\"wp-block-paragraph\">&#8211; Pois \u00e9 Paulo. Pouco tempo ap\u00f3s concluirmos o colegial a minha vida come\u00e7ou a virar de ponta cabe\u00e7a. A f\u00e1brica do meu pai quase foi \u00e0 fal\u00eancia e foi fechada. Ainda conseguimos sobreviver por um tempo, com a venda dos estoques e o contas a receber, mas at\u00e9 isso acabou. Meu pai n\u00e3o aguentou e cometeu o suic\u00eddio. Eu, totalmente desnorteado, sa\u00ed de casa e fui morar na rua. Claro, n\u00e3o tinha a m\u00ednima no\u00e7\u00e3o do que era ficar ao relento, pedir esmola e n\u00e3o saber o que teria para comer. Um dia, morto de fome, entrei num supermercado e peguei p\u00e3o e algumas bolachas. Enfiei em baixo da camisa e fui saindo quando um seguran\u00e7a, alertado pelas c\u00e2meras de vigil\u00e2ncia, pegou com for\u00e7a no meu bra\u00e7o e disse:<\/p>\n\n\n\n<p class=\"wp-block-paragraph\">&#8211; Seu ladr\u00e3ozinho de merda. Onde pensa que vai com essas coisas?<\/p>\n\n\n\n<p class=\"wp-block-paragraph\">&#8211; Levou-me para uma sala e chamou a pol\u00edcia. Fui preso e autuado em flagrante por furto. Fui condenado a dois de pris\u00e3o. Faz pouco tempo que fui solto. Mas n\u00e3o consigo emprego, pois s\u00f3 Colegial n\u00e3o \u00e9 suficiente, al\u00e9m de que n\u00e3o ter um endere\u00e7o te exclui de participar de qualquer processo der sele\u00e7\u00e3o. Ent\u00e3o voltei a morar na rua, passar fome, dormir ao relento e acordar todo dia com o sol batendo no meu rosto.<\/p>\n\n\n\n<p class=\"wp-block-paragraph\">Paulo ouviu tudo isso estarrecido. Convidou Flavio para entrar e sentar-se na sala de jantar. Sua m\u00e3e preparou um prato de comida, com arroz, feij\u00e3o e frango ensopado com batatas. Flavio comeu com sofreguid\u00e3o e pediu para repetir. Quando terminou, ficou em sil\u00eancio, olhando para a mesa. Um olhar de desespero.<\/p>\n\n\n\n<p class=\"wp-block-paragraph\">&#8211; Paulo, n\u00e3o consigo aguentar mais esta vida. Entendo meu pai. Estou pensando em seguir o mesmo caminho que ele.<\/p>\n\n\n\n<p class=\"wp-block-paragraph\">Paulo ficou com preocupado e com pena dele.<\/p>\n\n\n\n<p class=\"wp-block-paragraph\">&#8211; Flavio, n\u00e3o pense em bobagem. Voc\u00ea ainda tem condi\u00e7\u00f5es de se levantar e construir uma vida melhor. S\u00f3 precisa de ajuda. Perto daqui tem um albergue, no Glic\u00e9rio. Eles podem te acolher, com cama, banho e comida. Durante o dia voc\u00ea sai e vai \u00e0 luta. E l\u00e1 tamb\u00e9m tem Assistentes Sociais que podem lhe orientar.<\/p>\n\n\n\n<p class=\"wp-block-paragraph\">Paulo fez um sanduiche e lhe deu para mais tarde. Flavio saiu e se dirigiu na dire\u00e7\u00e3o do Albergue. Paulo nunca mais soube do Flavio. At\u00e9 que um dia, ouvindo um jogo de futebol pela radio CBN, o que quase nunca fazia, pois preferia a Bandeirantes, ouviu o an\u00fancio da equipe de transmiss\u00e3o:<\/p>\n\n\n\n<p class=\"wp-block-paragraph\">&#8211; E, nos coment\u00e1rios, Flavio Terracini.<\/p>\n\n\n\n<p class=\"wp-block-paragraph\">Paulo mal acreditou em seus ouvidos. Ficou muito feliz pelo amigo! O tempo avan\u00e7ou mais um pouco. Um dia Paulo foi ao est\u00e1dio para ver uma partida de futebol. J\u00e1 estava sentado quando Flavio apareceu ao seu lado. Abra\u00e7aram-se longamente. Flavio falou:<\/p>\n\n\n\n<p class=\"wp-block-paragraph\">&#8211; Eu te vi l\u00e1 da cabine de radio e fiz quest\u00e3o de vir at\u00e9 aqui.<\/p>\n\n\n\n<p class=\"wp-block-paragraph\">&#8211; Flavio, como estou feliz em saber que voc\u00ea conseguiu dar a volta por cima!<\/p>\n\n\n\n<p class=\"wp-block-paragraph\">E Flavio, com os olhos marejados de l\u00e1grimas:<\/p>\n\n\n\n<p class=\"wp-block-paragraph\">&#8211; Paulo, aquele aben\u00e7oado prato de comida me salvou.<\/p>\n\n\n\n<p class=\"wp-block-paragraph\">Escrito em 11\/02\/2021<\/p>\n","protected":false},"excerpt":{"rendered":"<p>Flavio Terracini (nome fict\u00edcio para um personagem real, de uma hist\u00f3ria real um pouco fict\u00edcia) acordou com o sol batendo em seu rosto. Espregui\u00e7ou longamente enquanto lembrava quantas vezes acordou assim e por que. Flavio estava no 3\u00ba ano do Colegial\/ Cl\u00e1ssico do Col\u00e9gio N.S. do Carmo, pois seu sonho era estudar jornalismo. Tinha muitos &hellip; <\/p>\n<p class=\"link-more\"><a href=\"https:\/\/paponavaranda.blog.br\/?p=102\" class=\"more-link\">Continue lendo<span class=\"screen-reader-text\"> &#8220;<strong>UM PRATO DE COMIDA<\/strong>&#8220;<\/span><\/a><\/p>\n","protected":false},"author":1,"featured_media":0,"comment_status":"open","ping_status":"open","sticky":false,"template":"","format":"standard","meta":{"_crdt_document":"","advanced_seo_description":"","jetpack_seo_html_title":"","jetpack_seo_noindex":false,"_jetpack_memberships_contains_paid_content":false,"footnotes":""},"categories":[4],"tags":[],"class_list":["post-102","post","type-post","status-publish","format-standard","hentry","category-livro"],"jetpack_featured_media_url":"","jetpack_sharing_enabled":true,"jetpack_shortlink":"https:\/\/wp.me\/p4SGe6-1E","_links":{"self":[{"href":"https:\/\/paponavaranda.blog.br\/index.php?rest_route=\/wp\/v2\/posts\/102","targetHints":{"allow":["GET"]}}],"collection":[{"href":"https:\/\/paponavaranda.blog.br\/index.php?rest_route=\/wp\/v2\/posts"}],"about":[{"href":"https:\/\/paponavaranda.blog.br\/index.php?rest_route=\/wp\/v2\/types\/post"}],"author":[{"embeddable":true,"href":"https:\/\/paponavaranda.blog.br\/index.php?rest_route=\/wp\/v2\/users\/1"}],"replies":[{"embeddable":true,"href":"https:\/\/paponavaranda.blog.br\/index.php?rest_route=%2Fwp%2Fv2%2Fcomments&post=102"}],"version-history":[{"count":3,"href":"https:\/\/paponavaranda.blog.br\/index.php?rest_route=\/wp\/v2\/posts\/102\/revisions"}],"predecessor-version":[{"id":105,"href":"https:\/\/paponavaranda.blog.br\/index.php?rest_route=\/wp\/v2\/posts\/102\/revisions\/105"}],"wp:attachment":[{"href":"https:\/\/paponavaranda.blog.br\/index.php?rest_route=%2Fwp%2Fv2%2Fmedia&parent=102"}],"wp:term":[{"taxonomy":"category","embeddable":true,"href":"https:\/\/paponavaranda.blog.br\/index.php?rest_route=%2Fwp%2Fv2%2Fcategories&post=102"},{"taxonomy":"post_tag","embeddable":true,"href":"https:\/\/paponavaranda.blog.br\/index.php?rest_route=%2Fwp%2Fv2%2Ftags&post=102"}],"curies":[{"name":"wp","href":"https:\/\/api.w.org\/{rel}","templated":true}]}}