{"id":127,"date":"2021-03-20T12:45:43","date_gmt":"2021-03-20T15:45:43","guid":{"rendered":"https:\/\/paponavaranda.blog.br\/?p=127"},"modified":"2022-02-16T21:31:48","modified_gmt":"2022-02-17T00:31:48","slug":"irmaos","status":"publish","type":"post","link":"https:\/\/paponavaranda.blog.br\/?p=127","title":{"rendered":"<strong>IRM\u00c3OS<\/strong>"},"content":{"rendered":"\n<p class=\"wp-block-paragraph\">Eu queria ter escrito este texto ontem, mas acho n\u00e3o teria conseguido ir at\u00e9 o fim. Ontem, quinta-feira, perdi um irm\u00e3o. N\u00e3o de sangue, mas de alma.<\/p>\n\n\n\n<p class=\"wp-block-paragraph\">Explico. Nunca tive irm\u00e3os de verdade. Fui o quinto filho, primeiro homem depois de quatro irm\u00e3s. Meu pai morreu pouco depois de eu fazer um ano. Nunca soube se ele tinha planos para mais um filho. O fato \u00e9 que eu fui o fim da fila. Como diziam alguns amigos das minhas irm\u00e3s eu era \u201cbendito \u00e9s tu entre as mulheres&#8230;\u201d. Mas eu tive tr\u00eas irm\u00e3os de alma.<\/p>\n\n\n\n<p class=\"wp-block-paragraph\">O primeiro foi, e \u00e9, meu primo Nelson (Junior, na fam\u00edlia). Mor\u00e1vamos na mesma cal\u00e7ada e por isso, est\u00e1vamos sempre juntos. Como dois verdadeiros irm\u00e3os, brig\u00e1vamos muito, mas sempre acab\u00e1vamos por ficar juntos. Junto com a maturidade ficamos bons amigos. Ele se mudou para Curitiba e faz anos que n\u00e3o nos vemos.<\/p>\n\n\n\n<p class=\"wp-block-paragraph\">O segundo foi o M\u00e1rcio, filho da minha adorada madrinha Wilma. Eles moravam em Santos e minha madrinha sempre me levava para passar as f\u00e9rias na casa dela. \u00c0s vezes eu ficava os tr\u00eas meses das f\u00e9rias. Com isso passei a me enturmar com a turma dele e da irm\u00e3 Mirian. Eu at\u00e9 flertava com as irm\u00e3s das namoradas dele, ou com as amigas da mesma rua. Depois que ele come\u00e7ou a trabalhar eu continuei indo e ficando com a turma dele. Quando ele entrou na faculdade de Administra\u00e7\u00e3o e trabalhava um Rudge Ramos ficou um tempo morando em minha casa. Por tudo isso, sempre considerei Santos como minha segunda cidade. Cada um acabou tomando seu caminho. S\u00f3 voltei a intensificar meu contato com ele quando teve um c\u00e2ncer e sua esposa Zildinha tamb\u00e9m teve a mesma doen\u00e7a e acabou partindo antes dele. Sempre que eu estava em Santos passava as tardes com ele, conversando e tomando sorvete, que ele adorava. Infelizmente ele tamb\u00e9m partiu, h\u00e1 muito tempo.<\/p>\n\n\n\n<p class=\"wp-block-paragraph\">E tive o Jo\u00e3o Carlos, filho de um irm\u00e3o do meu pai, tio Carlos (\u201ctio Careca\u201d). No come\u00e7o mor\u00e1vamos bem perto. Ele morava na mesma casa que minha av\u00f3 Cec\u00edlia e nos v\u00edamos v\u00e1rias vezes por semana. Depois ele se mudou para o Jabaquara, muito pr\u00f3ximo da Igreja de S\u00e3o Judas. Numa rua que nem era cal\u00e7ada e do outro lado da rua era uma ch\u00e1cara. J\u00e1 n\u00e3o nos v\u00edamos tanto, mas a dist\u00e2ncia n\u00e3o afetou nossa liga\u00e7\u00e3o aprendemos a usar o bonde para nos visitarmos. E assim a vida ia seguindo, com visitas e anivers\u00e1rios. At\u00e9 que eu comecei a jogar futebol de sal\u00e3o toda sexta-feira \u00e0 noite, no Jardim da Aclima\u00e7\u00e3o. Ele veio um dia ver e gostou do ambiente. Passou a vir \u00e0s sextas-feiras, sempre que poss\u00edvel. Foi quando minha turma p\u00f4s nele o apelido de Caravelle. Porque ele vinha do Jabaquara e dizia: \u201cVim <em>pousar<\/em> na casa do meu primo\u201d. Passamos tantos fins de semana juntos, que nem sei quantos. No s\u00e1bado e domingo jog\u00e1vamos futebol, ping-pong, pebolim; e fic\u00e1vamos de papo com a turma do larguinho (Pra\u00e7a N.S. da Concei\u00e7\u00e3o). E faz\u00edamos pequenas travessuras. Nossa predileta era \u00e0 noite. Fic\u00e1vamos no escurinho do quarto ouvindo programas de terror. A\u00ed j\u00e1 n\u00e3o consegu\u00edamos dormir e fic\u00e1vamos conversando, at\u00e9 que minha m\u00e3e vinha acabar com a brincadeira.<\/p>\n\n\n\n<p class=\"wp-block-paragraph\">Depois que casamos ficamos um pouco distantes, mas de vez em quando ainda \u00edamos ver um bom jogo do S\u00e3o Paulo. Por coincid\u00eancia, ambos fomos trabalhar na \u00e1rea de RH. Encontramo-nos algumas vezes em eventos profissionais. Muito mais tarde, quando ele estava h\u00e1 algum desempregado, aceitou um cargo de RH no Projeto Jar\u00ed, uma mega f\u00e1brica de celulose, do milion\u00e1rio americano Daniel Ludwig, no interior do Par\u00e1. Era o final dos anos 1970. Desde ent\u00e3o s\u00f3 estive com ele em duas ocasi\u00f5es. Quando a m\u00e3e dele, minha tia Vivinha, morreu. E h\u00e1 alguns, quando veio passar o fim de ano em Santos, com sua irm\u00e3 Vera Lucia. Fui passar o dia com eles e conheci sua esposa Leila e seu filho paraense Eurico. Desde ent\u00e3o estreitamos nossos la\u00e7os, pela internet. Troc\u00e1vamos, mensagens pelo whatsapp, Facebook e instagram. Dia de jogo do S\u00e3o Paulo, torc\u00edamos juntos. Ele l\u00e1 e eu c\u00e1, fic\u00e1vamos trocando mensagens o tempo todo, comentando os principais lances. Parecia que est\u00e1vamos sentados no mesmo sof\u00e1. No domingo, dia 13 de mar\u00e7o, ele completou 73 anos. Fizemos uma chamada de v\u00eddeo. Ele n\u00e3o estava se sentindo bem, com dor de garganta e febre. Achou que era rea\u00e7\u00e3o da vacina, que havia tomado poucos dias antes. Mas n\u00e3o era, infelizmente. O coronavirus chegou antes da vacina&#8230; Foi internado no dia 17 e faleceu no dia 18 com COVID-19. O que me consola \u00e9 que todas as rea\u00e7\u00f5es a sua partida, que li, ou senti, foram de elogio.<\/p>\n\n\n\n<p class=\"wp-block-paragraph\">Esta foi a forma que escolhi para homenagear esse primo que eu chamava de irm\u00e3o\/primo. Vai em paz Jo\u00e3o e at\u00e9 um dia. Voc\u00ea deixou marcas importantes por onde passou.<\/p>\n\n\n\n<p class=\"wp-block-paragraph\">Escrito em 19\/03\/2021<\/p>\n","protected":false},"excerpt":{"rendered":"<p>Eu queria ter escrito este texto ontem, mas acho n\u00e3o teria conseguido ir at\u00e9 o fim. Ontem, quinta-feira, perdi um irm\u00e3o. N\u00e3o de sangue, mas de alma. Explico. Nunca tive irm\u00e3os de verdade. Fui o quinto filho, primeiro homem depois de quatro irm\u00e3s. Meu pai morreu pouco depois de eu fazer um ano. Nunca soube &hellip; <\/p>\n<p class=\"link-more\"><a href=\"https:\/\/paponavaranda.blog.br\/?p=127\" class=\"more-link\">Continue lendo<span class=\"screen-reader-text\"> &#8220;<strong>IRM\u00c3OS<\/strong>&#8220;<\/span><\/a><\/p>\n","protected":false},"author":1,"featured_media":0,"comment_status":"open","ping_status":"open","sticky":false,"template":"","format":"standard","meta":{"_crdt_document":"","advanced_seo_description":"","jetpack_seo_html_title":"","jetpack_seo_noindex":false,"_jetpack_memberships_contains_paid_content":false,"footnotes":""},"categories":[4],"tags":[],"class_list":["post-127","post","type-post","status-publish","format-standard","hentry","category-livro"],"jetpack_featured_media_url":"","jetpack_sharing_enabled":true,"jetpack_shortlink":"https:\/\/wp.me\/s4SGe6-irmaos","_links":{"self":[{"href":"https:\/\/paponavaranda.blog.br\/index.php?rest_route=\/wp\/v2\/posts\/127","targetHints":{"allow":["GET"]}}],"collection":[{"href":"https:\/\/paponavaranda.blog.br\/index.php?rest_route=\/wp\/v2\/posts"}],"about":[{"href":"https:\/\/paponavaranda.blog.br\/index.php?rest_route=\/wp\/v2\/types\/post"}],"author":[{"embeddable":true,"href":"https:\/\/paponavaranda.blog.br\/index.php?rest_route=\/wp\/v2\/users\/1"}],"replies":[{"embeddable":true,"href":"https:\/\/paponavaranda.blog.br\/index.php?rest_route=%2Fwp%2Fv2%2Fcomments&post=127"}],"version-history":[{"count":1,"href":"https:\/\/paponavaranda.blog.br\/index.php?rest_route=\/wp\/v2\/posts\/127\/revisions"}],"predecessor-version":[{"id":128,"href":"https:\/\/paponavaranda.blog.br\/index.php?rest_route=\/wp\/v2\/posts\/127\/revisions\/128"}],"wp:attachment":[{"href":"https:\/\/paponavaranda.blog.br\/index.php?rest_route=%2Fwp%2Fv2%2Fmedia&parent=127"}],"wp:term":[{"taxonomy":"category","embeddable":true,"href":"https:\/\/paponavaranda.blog.br\/index.php?rest_route=%2Fwp%2Fv2%2Fcategories&post=127"},{"taxonomy":"post_tag","embeddable":true,"href":"https:\/\/paponavaranda.blog.br\/index.php?rest_route=%2Fwp%2Fv2%2Ftags&post=127"}],"curies":[{"name":"wp","href":"https:\/\/api.w.org\/{rel}","templated":true}]}}