{"id":129,"date":"2021-03-24T19:23:23","date_gmt":"2021-03-24T19:23:23","guid":{"rendered":"https:\/\/paponavaranda.blog.br\/?p=129"},"modified":"2024-11-27T16:23:20","modified_gmt":"2024-11-27T19:23:20","slug":"por-emprestimo-no1","status":"publish","type":"post","link":"https:\/\/paponavaranda.blog.br\/?p=129","title":{"rendered":"<strong>POR EMPR\u00c9STIMO N\u00ba1<\/strong>"},"content":{"rendered":"\n<p class=\"wp-block-paragraph\">De vez em quando vou colocar aqui algum texto que gosto, dos meus autores prediletos. Come\u00e7o com FERNANDO PESSOA. Acho este adequado para n\u00f3s que estamos atualmente trancados em nosso mundo dom\u00e9stico.<\/p>\n\n\n\n<p class=\"wp-block-paragraph\"><strong><em>DA MINHA ALDEIA<\/em><\/strong><\/p>\n\n\n\n<p class=\"wp-block-paragraph\"><em>Da minha aldeia vejo<\/em><\/p>\n\n\n\n<p class=\"wp-block-paragraph\"><em>quanto da terra se pode ver no Universo&#8230;<\/em><\/p>\n\n\n\n<p class=\"wp-block-paragraph\"><em>Por isso a minha aldeia<\/em><\/p>\n\n\n\n<p class=\"wp-block-paragraph\"><em>&nbsp;\u00e9 t\u00e3o grande como outra<\/em><\/p>\n\n\n\n<p class=\"wp-block-paragraph\"><em>terra qualquer<\/em><\/p>\n\n\n\n<p class=\"wp-block-paragraph\"><em>Porque eu sou do tamanho<\/em><\/p>\n\n\n\n<p class=\"wp-block-paragraph\"><em>do que vejo<\/em><\/p>\n\n\n\n<p class=\"wp-block-paragraph\"><em>E n\u00e3o do tamanho<\/em><\/p>\n\n\n\n<p class=\"wp-block-paragraph\"><em>da minha altura&#8230;<\/em><\/p>\n\n\n\n<p class=\"wp-block-paragraph\"><em>Nas cidades a vida<\/em><\/p>\n\n\n\n<p class=\"wp-block-paragraph\"><em>\u00e9 mais pequena<\/em><\/p>\n\n\n\n<p class=\"wp-block-paragraph\"><em>Que aqui na minha casa<\/em><\/p>\n\n\n\n<p class=\"wp-block-paragraph\"><em>no cimo deste outeiro.<\/em><\/p>\n\n\n\n<p class=\"wp-block-paragraph\"><em>Na cidade as grandes casas<\/em><\/p>\n\n\n\n<p class=\"wp-block-paragraph\"><em>fecham a vista \u00e0 chave.<\/em><\/p>\n\n\n\n<p class=\"wp-block-paragraph\"><em>Escondem o horizonte,<\/em><\/p>\n\n\n\n<p class=\"wp-block-paragraph\"><em>empurram o nosso olhar<\/em><\/p>\n\n\n\n<p class=\"wp-block-paragraph\"><em>para longe de todo o c\u00e9u,<\/em><\/p>\n\n\n\n<p class=\"wp-block-paragraph\"><em>Tornam-nos pequenos<\/em><\/p>\n\n\n\n<p class=\"wp-block-paragraph\"><em>porque nos tiram o que os<\/em><\/p>\n\n\n\n<p class=\"wp-block-paragraph\"><em>nossos olhos nos podem dar,<\/em><\/p>\n\n\n\n<p class=\"wp-block-paragraph\"><em>E tornam-nos pobres porque<\/em><\/p>\n\n\n\n<p class=\"wp-block-paragraph\"><em>a nossa \u00fanica riqueza \u00e9 ver.<\/em><\/p>\n\n\n\n<p class=\"wp-block-paragraph\"><em>24\/03\/2021<\/em><\/p>\n","protected":false},"excerpt":{"rendered":"<p>De vez em quando vou colocar aqui algum texto que gosto, dos meus autores prediletos. Come\u00e7o com FERNANDO PESSOA. Acho este adequado para n\u00f3s que estamos atualmente trancados em nosso mundo dom\u00e9stico. DA MINHA ALDEIA Da minha aldeia vejo quanto da terra se pode ver no Universo&#8230; Por isso a minha aldeia &nbsp;\u00e9 t\u00e3o grande &hellip; <\/p>\n<p class=\"link-more\"><a href=\"https:\/\/paponavaranda.blog.br\/?p=129\" class=\"more-link\">Continue lendo<span class=\"screen-reader-text\"> &#8220;<strong>POR EMPR\u00c9STIMO N\u00ba1<\/strong>&#8220;<\/span><\/a><\/p>\n","protected":false},"author":1,"featured_media":0,"comment_status":"open","ping_status":"open","sticky":false,"template":"","format":"standard","meta":{"_crdt_document":"","advanced_seo_description":"","jetpack_seo_html_title":"","jetpack_seo_noindex":false,"_jetpack_memberships_contains_paid_content":false,"footnotes":""},"categories":[4],"tags":[],"class_list":["post-129","post","type-post","status-publish","format-standard","hentry","category-livro"],"jetpack_featured_media_url":"","jetpack_sharing_enabled":true,"jetpack_shortlink":"https:\/\/wp.me\/p4SGe6-25","_links":{"self":[{"href":"https:\/\/paponavaranda.blog.br\/index.php?rest_route=\/wp\/v2\/posts\/129","targetHints":{"allow":["GET"]}}],"collection":[{"href":"https:\/\/paponavaranda.blog.br\/index.php?rest_route=\/wp\/v2\/posts"}],"about":[{"href":"https:\/\/paponavaranda.blog.br\/index.php?rest_route=\/wp\/v2\/types\/post"}],"author":[{"embeddable":true,"href":"https:\/\/paponavaranda.blog.br\/index.php?rest_route=\/wp\/v2\/users\/1"}],"replies":[{"embeddable":true,"href":"https:\/\/paponavaranda.blog.br\/index.php?rest_route=%2Fwp%2Fv2%2Fcomments&post=129"}],"version-history":[{"count":1,"href":"https:\/\/paponavaranda.blog.br\/index.php?rest_route=\/wp\/v2\/posts\/129\/revisions"}],"predecessor-version":[{"id":130,"href":"https:\/\/paponavaranda.blog.br\/index.php?rest_route=\/wp\/v2\/posts\/129\/revisions\/130"}],"wp:attachment":[{"href":"https:\/\/paponavaranda.blog.br\/index.php?rest_route=%2Fwp%2Fv2%2Fmedia&parent=129"}],"wp:term":[{"taxonomy":"category","embeddable":true,"href":"https:\/\/paponavaranda.blog.br\/index.php?rest_route=%2Fwp%2Fv2%2Fcategories&post=129"},{"taxonomy":"post_tag","embeddable":true,"href":"https:\/\/paponavaranda.blog.br\/index.php?rest_route=%2Fwp%2Fv2%2Ftags&post=129"}],"curies":[{"name":"wp","href":"https:\/\/api.w.org\/{rel}","templated":true}]}}