{"id":133,"date":"2021-03-26T13:51:25","date_gmt":"2021-03-26T13:51:25","guid":{"rendered":"https:\/\/paponavaranda.blog.br\/?p=133"},"modified":"2024-11-27T16:23:10","modified_gmt":"2024-11-27T19:23:10","slug":"por-emprestimo-no2","status":"publish","type":"post","link":"https:\/\/paponavaranda.blog.br\/?p=133","title":{"rendered":"<strong>POR EMPR\u00c9STIMO N\u00ba2<\/strong>"},"content":{"rendered":"\n<p class=\"wp-block-paragraph\">Jamais poderia imaginar que, enquanto eu preparava o post INVEJA BOBA, a Vera Regina estava partindo. Quando divulguei o post, minha irm\u00e3 Maria Z\u00e9lia me deu a noticia. Fiquei at\u00f4nito, Como diz a m\u00fasica, \u201cno ar antes de mergulhar&#8230;\u201d. Ent\u00e3o esta saudade veio para sempre. Minha homenagem \u00e9 a publica\u00e7\u00e3o de uma poesia do livro, embora ela n\u00e3o gostasse dele.<\/p>\n\n\n\n<p class=\"wp-block-paragraph\"><em>MEU SONHO ETERNO<\/em><\/p>\n\n\n\n<p class=\"wp-block-paragraph\"><em>O meu sonho de agora<\/em><\/p>\n\n\n\n<p class=\"wp-block-paragraph\"><em>Ali\u00e1s, tamb\u00e9m de outrora,<\/em><\/p>\n\n\n\n<p class=\"wp-block-paragraph\"><em>\u00c9 que o dia em que eu morrer<\/em><\/p>\n\n\n\n<p class=\"wp-block-paragraph\"><em>Seja o mais lindo entardecer&#8230;<\/em><\/p>\n\n\n\n<p class=\"wp-block-paragraph\"><em>O sol, no horizonte desmaiando,<\/em><\/p>\n\n\n\n<p class=\"wp-block-paragraph\"><em>Os p\u00e1ssaros, alegres, cantando<\/em><\/p>\n\n\n\n<p class=\"wp-block-paragraph\"><em>As crian\u00e7as brincando e sorrindo<\/em><\/p>\n\n\n\n<p class=\"wp-block-paragraph\"><em>E eu, num leito branco&#8230; dormindo<\/em><\/p>\n\n\n\n<p class=\"wp-block-paragraph\"><\/p>\n\n\n\n<p class=\"wp-block-paragraph\"><em>Depois&#8230; morrer feliz<\/em><\/p>\n\n\n\n<p class=\"wp-block-paragraph\"><em>Da vida eu sentirei saudades<\/em><\/p>\n\n\n\n<p class=\"wp-block-paragraph\"><em>Apesar de encerrar muita maldade<\/em><\/p>\n\n\n\n<p class=\"wp-block-paragraph\"><em>No para\u00edso eu terei ternura<\/em><\/p>\n\n\n\n<p class=\"wp-block-paragraph\"><em>Eu sei que encontrarei candura<\/em><\/p>\n\n\n\n<p class=\"wp-block-paragraph\"><em>Mais do que eu tive aqui na terra<\/em><\/p>\n\n\n\n<p class=\"wp-block-paragraph\"><em>Pois o c\u00e9u, toda bondade encerra<\/em><\/p>\n\n\n\n<p class=\"wp-block-paragraph\"><\/p>\n\n\n\n<p class=\"wp-block-paragraph\"><em>Dos que aqui ficam eu terei pena<\/em><\/p>\n\n\n\n<p class=\"wp-block-paragraph\"><em>Mas eu sei que morrerei serena<\/em><\/p>\n\n\n\n<p class=\"wp-block-paragraph\"><em>E nos l\u00e1bios um sorriso de alegria<\/em><\/p>\n\n\n\n<p class=\"wp-block-paragraph\"><em>Iluminando o meu rosto em agonia<\/em><\/p>\n\n\n\n<p class=\"wp-block-paragraph\"><em>Porque foi o que eu sempre quis,<\/em><\/p>\n\n\n\n<p class=\"wp-block-paragraph\"><em>Cerrar as p\u00e1lpebras, num sorriso feliz&#8230;<\/em><\/p>\n\n\n\n<p class=\"wp-block-paragraph\">Escrito em 26\/03\/2021<\/p>\n","protected":false},"excerpt":{"rendered":"<p>Jamais poderia imaginar que, enquanto eu preparava o post INVEJA BOBA, a Vera Regina estava partindo. Quando divulguei o post, minha irm\u00e3 Maria Z\u00e9lia me deu a noticia. Fiquei at\u00f4nito, Como diz a m\u00fasica, \u201cno ar antes de mergulhar&#8230;\u201d. Ent\u00e3o esta saudade veio para sempre. Minha homenagem \u00e9 a publica\u00e7\u00e3o de uma poesia do livro, &hellip; <\/p>\n<p class=\"link-more\"><a href=\"https:\/\/paponavaranda.blog.br\/?p=133\" class=\"more-link\">Continue lendo<span class=\"screen-reader-text\"> &#8220;<strong>POR EMPR\u00c9STIMO N\u00ba2<\/strong>&#8220;<\/span><\/a><\/p>\n","protected":false},"author":1,"featured_media":0,"comment_status":"open","ping_status":"open","sticky":false,"template":"","format":"standard","meta":{"_crdt_document":"","advanced_seo_description":"","jetpack_seo_html_title":"","jetpack_seo_noindex":false,"_jetpack_memberships_contains_paid_content":false,"footnotes":""},"categories":[4],"tags":[],"class_list":["post-133","post","type-post","status-publish","format-standard","hentry","category-livro"],"jetpack_featured_media_url":"","jetpack_sharing_enabled":true,"jetpack_shortlink":"https:\/\/wp.me\/p4SGe6-29","_links":{"self":[{"href":"https:\/\/paponavaranda.blog.br\/index.php?rest_route=\/wp\/v2\/posts\/133","targetHints":{"allow":["GET"]}}],"collection":[{"href":"https:\/\/paponavaranda.blog.br\/index.php?rest_route=\/wp\/v2\/posts"}],"about":[{"href":"https:\/\/paponavaranda.blog.br\/index.php?rest_route=\/wp\/v2\/types\/post"}],"author":[{"embeddable":true,"href":"https:\/\/paponavaranda.blog.br\/index.php?rest_route=\/wp\/v2\/users\/1"}],"replies":[{"embeddable":true,"href":"https:\/\/paponavaranda.blog.br\/index.php?rest_route=%2Fwp%2Fv2%2Fcomments&post=133"}],"version-history":[{"count":1,"href":"https:\/\/paponavaranda.blog.br\/index.php?rest_route=\/wp\/v2\/posts\/133\/revisions"}],"predecessor-version":[{"id":134,"href":"https:\/\/paponavaranda.blog.br\/index.php?rest_route=\/wp\/v2\/posts\/133\/revisions\/134"}],"wp:attachment":[{"href":"https:\/\/paponavaranda.blog.br\/index.php?rest_route=%2Fwp%2Fv2%2Fmedia&parent=133"}],"wp:term":[{"taxonomy":"category","embeddable":true,"href":"https:\/\/paponavaranda.blog.br\/index.php?rest_route=%2Fwp%2Fv2%2Fcategories&post=133"},{"taxonomy":"post_tag","embeddable":true,"href":"https:\/\/paponavaranda.blog.br\/index.php?rest_route=%2Fwp%2Fv2%2Ftags&post=133"}],"curies":[{"name":"wp","href":"https:\/\/api.w.org\/{rel}","templated":true}]}}