{"id":140,"date":"2021-03-30T18:37:15","date_gmt":"2021-03-30T21:37:15","guid":{"rendered":"https:\/\/paponavaranda.blog.br\/?p=140"},"modified":"2022-02-16T21:38:05","modified_gmt":"2022-02-17T00:38:05","slug":"arear","status":"publish","type":"post","link":"https:\/\/paponavaranda.blog.br\/?p=140","title":{"rendered":"<strong>AREAR<\/strong>"},"content":{"rendered":"\n<p class=\"wp-block-paragraph\">Uma coisa que me diverte \u00e9 encontrar o significado ou a origem de palavras que usamos no dia a dia sem nem sequer perceber. Por exemplo, Obrigado ou Obrigada. \u00c9 um resumo da frase \u201cSinto-me Obrigado ou Obrigada a lhe retribuir&#8230;\u201d (um cumprimento, um elogio, um favor, um presente). Dito isso, vamos \u00e0 palavra de hoje. Eu usei a panela de press\u00e3o para fazer uma parte do meu almo\u00e7o. E ela ficou \u201cencoscorada\u201d com restos de alimento. Como n\u00e3o conseguia limpar, tive que pegar um pouco de bom-bril e arear a panela. Enquanto fazia isso me lembrei de como descobri a origem da palavra sem recorrer ao dicion\u00e1rio.<\/p>\n\n\n\n<p class=\"wp-block-paragraph\">Voltemos sessenta anos atr\u00e1s, aos meus quatorze anos (pronto, entreguei a idade&#8230;). A convite de um colega de escola e vizinho de bairro, entrei no Grupo de Escoteiros Parecis, cuja sede ficava ao lado do pr\u00e9dio onde \u00e9 hoje a Secretaria da Fazenda do Estado. Meu av\u00f4 me comprou um uniforme completo: fardamento, chap\u00e9u, cantil e mochila. Como o meu grupo era de Escoteiros do Ar, o fardamento era azul e n\u00e3o caqui. Eu nem sabia que os escoteiros se dividiam em do Ar, da Terra e do Mar. Uma das caracter\u00edsticas do meu grupo \u00e9 que constru\u00edamos aeromodelos. O primeiro, enorme, demorou meses para ser constru\u00eddo e fomos inscritos numa competi\u00e7\u00e3o. Ao soltarmos o avi\u00e3o, com h\u00e9lice movida a el\u00e1stico, subiu, avan\u00e7ou cinco metros e caiu de bico no ch\u00e3o, ficando completamente destro\u00e7ado. Nosso castigo foi remontar o avi\u00e3o sem colocar nenhum componente novo&#8230; Outro fato marcante foi participar do desfile de inaugura\u00e7\u00e3o do Cinerama, na Av. S\u00e3o Jo\u00e3o, e assistir a primeira sess\u00e3o.<\/p>\n\n\n\n<p class=\"wp-block-paragraph\">Mas, chega de divaga\u00e7\u00e3o e vamos aos fatos. Entre outras coisas, faz\u00edamos acampamento selvagem. Meu primeiro foi \u00e0 beira da represa Billings. Ali, tudo aconteceu. Al\u00e9m de muitas atividades, t\u00ednhamos que preparar nosso pr\u00f3prio alimento. Eram panel\u00f5es de ferro colocados em cima de uma fogueira para cozinhar. Era tradi\u00e7\u00e3o que o grupo cantasse um grito de guerra quando a comida estivesse pronta; o Chefe do acampamento ia comer com o grupo que gritasse primeiro.<\/p>\n\n\n\n<p class=\"wp-block-paragraph\">Via de regra eram os Escoteiros S\u00eanior que gritavam primeiro, porque tinham mais pr\u00e1tica; e o Chefe ia comer com eles. A mesma coisa se repetia com a sobremesa. Um dia, o primeiro grito de guerra para a sobremesa foi dado pelo pior grupo do acampamento. Todos se perguntaram: como conseguiram fazer uma salada de frutas t\u00e3o depressa? E l\u00e1 foi o Chefe comer a sobremesa com eles. E entendeu a rapidez. Eles, simplesmente, n\u00e3o descascaram as frutas, nem tiraram os caro\u00e7os do mam\u00e3o&#8230; Bem aqui vem a hist\u00f3ria de hoje. O Chefe deu ordem para limpar as panelas. Imagine o estado das panelas de ferro tendo ficado horas em cima de uma fogueira. N\u00f3s, estreantes em acampamento selvagem, ficamos sem saber como fazer. O Chefe nos mandou levar as panelas para a beira da represa e esfreg\u00e1-las com areia molhada. Deu trabalho, mas ficaram como novas. Desde ent\u00e3o penso que o termo mais correto seria areiar&#8230; Pode procurar no dicion\u00e1rio. Arear ou ariar teve origem em lavar panelas usando areia molhada. Foi que assim que aprendi.<\/p>\n\n\n\n<p class=\"wp-block-paragraph\">Escrito em 20\/03\/2021<\/p>\n","protected":false},"excerpt":{"rendered":"<p>Uma coisa que me diverte \u00e9 encontrar o significado ou a origem de palavras que usamos no dia a dia sem nem sequer perceber. Por exemplo, Obrigado ou Obrigada. \u00c9 um resumo da frase \u201cSinto-me Obrigado ou Obrigada a lhe retribuir&#8230;\u201d (um cumprimento, um elogio, um favor, um presente). Dito isso, vamos \u00e0 palavra de &hellip; <\/p>\n<p class=\"link-more\"><a href=\"https:\/\/paponavaranda.blog.br\/?p=140\" class=\"more-link\">Continue lendo<span class=\"screen-reader-text\"> &#8220;<strong>AREAR<\/strong>&#8220;<\/span><\/a><\/p>\n","protected":false},"author":1,"featured_media":0,"comment_status":"open","ping_status":"open","sticky":false,"template":"","format":"standard","meta":{"_crdt_document":"","advanced_seo_description":"","jetpack_seo_html_title":"","jetpack_seo_noindex":false,"_jetpack_memberships_contains_paid_content":false,"footnotes":""},"categories":[4],"tags":[],"class_list":["post-140","post","type-post","status-publish","format-standard","hentry","category-livro"],"jetpack_featured_media_url":"","jetpack_sharing_enabled":true,"jetpack_shortlink":"https:\/\/wp.me\/s4SGe6-arear","_links":{"self":[{"href":"https:\/\/paponavaranda.blog.br\/index.php?rest_route=\/wp\/v2\/posts\/140","targetHints":{"allow":["GET"]}}],"collection":[{"href":"https:\/\/paponavaranda.blog.br\/index.php?rest_route=\/wp\/v2\/posts"}],"about":[{"href":"https:\/\/paponavaranda.blog.br\/index.php?rest_route=\/wp\/v2\/types\/post"}],"author":[{"embeddable":true,"href":"https:\/\/paponavaranda.blog.br\/index.php?rest_route=\/wp\/v2\/users\/1"}],"replies":[{"embeddable":true,"href":"https:\/\/paponavaranda.blog.br\/index.php?rest_route=%2Fwp%2Fv2%2Fcomments&post=140"}],"version-history":[{"count":3,"href":"https:\/\/paponavaranda.blog.br\/index.php?rest_route=\/wp\/v2\/posts\/140\/revisions"}],"predecessor-version":[{"id":143,"href":"https:\/\/paponavaranda.blog.br\/index.php?rest_route=\/wp\/v2\/posts\/140\/revisions\/143"}],"wp:attachment":[{"href":"https:\/\/paponavaranda.blog.br\/index.php?rest_route=%2Fwp%2Fv2%2Fmedia&parent=140"}],"wp:term":[{"taxonomy":"category","embeddable":true,"href":"https:\/\/paponavaranda.blog.br\/index.php?rest_route=%2Fwp%2Fv2%2Fcategories&post=140"},{"taxonomy":"post_tag","embeddable":true,"href":"https:\/\/paponavaranda.blog.br\/index.php?rest_route=%2Fwp%2Fv2%2Ftags&post=140"}],"curies":[{"name":"wp","href":"https:\/\/api.w.org\/{rel}","templated":true}]}}