{"id":223,"date":"2021-05-20T14:46:48","date_gmt":"2021-05-20T17:46:48","guid":{"rendered":"https:\/\/paponavaranda.blog.br\/?p=223"},"modified":"2022-02-16T21:37:40","modified_gmt":"2022-02-17T00:37:40","slug":"o-tempo","status":"publish","type":"post","link":"https:\/\/paponavaranda.blog.br\/?p=223","title":{"rendered":"<strong>O TEMPO<\/strong>"},"content":{"rendered":"\n<p class=\"wp-block-paragraph\">Hoje estava ouvindo o notici\u00e1rio quando o ancora se enganou ao dizer o dia da semana. Fiquei pensando: \u201cse ele, que tem que estar muito ligado o tempo todo, se engana como ficamos, os confinados?\u201d Veio \u00e0 minha cabe\u00e7a aquelas cenas dos filmes em que uma pessoa encarcerada vai fazendo risquinhos na parede para acompanhar o passar do tempo. Ent\u00e3o pensei o quanto j\u00e1 se falou do tempo. Fil\u00f3sofos tentam entender o tempo. O que \u00e9, como medir, etc. Ainda n\u00e3o h\u00e1 consenso sobre isso. Na verdade, a grande maioria das pessoas n\u00e3o se d\u00e1 conta dos dilemas sobre o tempo.<\/p>\n\n\n\n<p class=\"wp-block-paragraph\">Durante alguns anos atuei como consultor em um programa chamado \u201dAdministra\u00e7\u00e3o do Tempo\u201d. N\u00e3o falava sobre organiza\u00e7\u00e3o do tempo no trabalho, como era a regra para programas do g\u00eanero, na maior parte dos programas \u00e9poca. Falava sobre o uso do tempo. T\u00ednhamos uma pesquisa sobre como as pessoas usavam o tempo. Admit\u00edamos uma m\u00e9dia de 8 horas de sono por dia e como o tempo se distribu\u00eda nas 16 horas restantes. Os pesquisados tinham que dizer a porcentagem do seu tempo que dedicavam a cada um de seus pap\u00e9is: tempo individual, tempo no trabalho, como cidad\u00e3os (ou cidad\u00e3s), marido ou esposa, pai ou  m\u00e3e, filho ou filha, irm\u00e3o ou irm\u00e3, e alguns que outros que n\u00e3o me lembro. Defin\u00edamos cada um desses par\u00e2metros para que as respostas pudessem ser compar\u00e1veis. Tempo individual \u00e9 o tempo que cada um gasta consigo mesmo. Fazendo coisas que gosta, como ler um livro, ficar sozinho para escutar uma m\u00fasica, etc. E o que aconteceu? As pessoas usavam menos de 3% do tempo consigo mesmo!! Fa\u00e7a essa experi\u00eancia tentando se colocar antes da pandemia.<\/p>\n\n\n\n<p class=\"wp-block-paragraph\">Pois \u00e9, a pandemia mudou tudo, inclusive como usamos o tempo. Temos todo o tempo do mundo e estamos aprendendo a lidar com isso. Com o isolamento social provavelmente hoje temos uma parcela muito maior do tempo para gastar conosco mesmo. E ficamos aturdidos sobre como lidar com isso. Porque n\u00e3o fomos preparados para isso. Muito pelo contr\u00e1rio. Mesmo n\u00e3o sendo psic\u00f3logo, acho que as ang\u00fastias do isolamento t\u00eam muito a ver com isso. Deixar de considerar ego\u00edsmo fazer o que gosta. Por isso todos os psic\u00f3logos recomendam criar uma rotina. Ler o que gosta, ver um filme ou uma s\u00e9rie porque gosta, ouvir m\u00fasica porque gosta, cozinhar uma comida porque gosta, etc. etc. Acho que d\u00e1 certo. Este blog surgiu quando decidi escrever porque gosto de escrever e isso me toma um tempo gostoso na minha rotina di\u00e1ria.<\/p>\n\n\n\n<p class=\"wp-block-paragraph\">Escrito em 20\/05\/2021<\/p>\n","protected":false},"excerpt":{"rendered":"<p>Hoje estava ouvindo o notici\u00e1rio quando o ancora se enganou ao dizer o dia da semana. Fiquei pensando: \u201cse ele, que tem que estar muito ligado o tempo todo, se engana como ficamos, os confinados?\u201d Veio \u00e0 minha cabe\u00e7a aquelas cenas dos filmes em que uma pessoa encarcerada vai fazendo risquinhos na parede para acompanhar &hellip; <\/p>\n<p class=\"link-more\"><a href=\"https:\/\/paponavaranda.blog.br\/?p=223\" class=\"more-link\">Continue lendo<span class=\"screen-reader-text\"> &#8220;<strong>O TEMPO<\/strong>&#8220;<\/span><\/a><\/p>\n","protected":false},"author":1,"featured_media":0,"comment_status":"open","ping_status":"open","sticky":false,"template":"","format":"standard","meta":{"_crdt_document":"","advanced_seo_description":"","jetpack_seo_html_title":"","jetpack_seo_noindex":false,"_jetpack_memberships_contains_paid_content":false,"footnotes":""},"categories":[4],"tags":[],"class_list":["post-223","post","type-post","status-publish","format-standard","hentry","category-livro"],"jetpack_featured_media_url":"","jetpack_sharing_enabled":true,"jetpack_shortlink":"https:\/\/wp.me\/p4SGe6-3B","_links":{"self":[{"href":"https:\/\/paponavaranda.blog.br\/index.php?rest_route=\/wp\/v2\/posts\/223","targetHints":{"allow":["GET"]}}],"collection":[{"href":"https:\/\/paponavaranda.blog.br\/index.php?rest_route=\/wp\/v2\/posts"}],"about":[{"href":"https:\/\/paponavaranda.blog.br\/index.php?rest_route=\/wp\/v2\/types\/post"}],"author":[{"embeddable":true,"href":"https:\/\/paponavaranda.blog.br\/index.php?rest_route=\/wp\/v2\/users\/1"}],"replies":[{"embeddable":true,"href":"https:\/\/paponavaranda.blog.br\/index.php?rest_route=%2Fwp%2Fv2%2Fcomments&post=223"}],"version-history":[{"count":1,"href":"https:\/\/paponavaranda.blog.br\/index.php?rest_route=\/wp\/v2\/posts\/223\/revisions"}],"predecessor-version":[{"id":224,"href":"https:\/\/paponavaranda.blog.br\/index.php?rest_route=\/wp\/v2\/posts\/223\/revisions\/224"}],"wp:attachment":[{"href":"https:\/\/paponavaranda.blog.br\/index.php?rest_route=%2Fwp%2Fv2%2Fmedia&parent=223"}],"wp:term":[{"taxonomy":"category","embeddable":true,"href":"https:\/\/paponavaranda.blog.br\/index.php?rest_route=%2Fwp%2Fv2%2Fcategories&post=223"},{"taxonomy":"post_tag","embeddable":true,"href":"https:\/\/paponavaranda.blog.br\/index.php?rest_route=%2Fwp%2Fv2%2Ftags&post=223"}],"curies":[{"name":"wp","href":"https:\/\/api.w.org\/{rel}","templated":true}]}}