{"id":269,"date":"2021-07-06T20:40:46","date_gmt":"2021-07-06T23:40:46","guid":{"rendered":"https:\/\/paponavaranda.blog.br\/?p=269"},"modified":"2021-07-30T17:02:52","modified_gmt":"2021-07-30T20:02:52","slug":"a-musica-e-eu","status":"publish","type":"post","link":"https:\/\/paponavaranda.blog.br\/?p=269","title":{"rendered":"<strong>A M\u00daSICA E EU<\/strong>"},"content":{"rendered":"\n<p class=\"wp-block-paragraph\">A m\u00fasica e eu temos uma \u201crela\u00e7\u00e3o plat\u00f4nica\u201d. Quero dizer, nunca fomos \u201c\u00e0s vias de fato\u201d. Eu amo a m\u00fasica, mas n\u00e3o entendo praticamente nada de sua estrutura t\u00e9cnica, a forma de sua representa\u00e7\u00e3o matem\u00e1tica (segundo me contou um colega da ECA que estava fazendo doutorado em percuss\u00e3o). N\u00e3o consigo entender, na maioria dos casos, a rela\u00e7\u00e3o direta entre a m\u00fasica e as imagens que os conhecedores identificam. Especialmente na \u00f3pera, no ballet e na m\u00fasica cl\u00e1ssica. Amo ver O Lago do Cisne, assistir Carmen eu ouvir o Concerto n\u00ba 1 Para Piano e Orquestra, de Tchaikovsky. Mal comparando, gosto muito de \u201cBoef Bourguignon\u201d, mas nem sei se poderia fazer.<\/p>\n\n\n\n<p class=\"wp-block-paragraph\">Muito antes de sequer se falar em computador, internet e ensino \u00e0 dist\u00e2ncia, existia o Instituto Universal Brasileiro, que oferecia cursos por correspond\u00eancia. Juro que tentei aprender. Comprei o curso de teclado. Comprei um teclado eletr\u00f4nico e iniciei o estudo. Mas eu n\u00e3o conseguia distinguir uma nota da outra. Fiz etiqueta para cada tecla e nada&#8230; Ouvia os discos e n\u00e3o conseguia ligar o \u00e1udio com o som. Depois de alguns meses de empenho s\u00f3 conseguia tocar o comecinho do Parab\u00e9ns a Voc\u00ea. Nunca algu\u00e9m me escutou nessa performance. Muito frustrado, interrompi os estudos e engavetei a decep\u00e7\u00e3o comigo mesmo. Jamais consegui tocar algum instrumento.<\/p>\n\n\n\n<p class=\"wp-block-paragraph\">Ent\u00e3o aprendi a simplesmente me deleitar com a m\u00fasica que outros compunham e tocavam. Sempre me perguntando: \u201cComo eles conseguem??\u201d A m\u00fasica \u00e9 minha companheira de todas horas. Acordo com m\u00fasica e durmo embalado pela m\u00fasica. Ou\u00e7o enquanto leio, enquanto cozinho, enquanto tomo banho, quando guiava, quando fazia minhas caminhadas solit\u00e1rias. Nesta \u00e9poca de isolamento social, enfim aprendi como \u00e9 minha rela\u00e7\u00e3o com a m\u00fasica. Plat\u00f4nica como eu disse l\u00e1 no come\u00e7o. A m\u00fasica \u00e9 a sombra gostosa do meu passado. Todas as m\u00fasicas de que gosto me trazem uma boa lembran\u00e7a ou apenas s\u00e3o agrad\u00e1veis aos meus ouvidos. Uma \u00e9poca, um momento, um instante. A m\u00fasica vive me dizendo: \u201cLembra daquele ano, daquela viagem, daquele baile, daquela festa, deles, dela, a \u00faltima vez que&#8230;, a primeira v\u00ea que&#8230;?\u201d Tenho compartilhado diariamente uma m\u00fasica que me tocou naquele dia. Mas n\u00e3o vou contar o que ela me contou. Isso \u00e9 entre a m\u00fasica e eu. <\/p>\n\n\n\n<p class=\"wp-block-paragraph\">Escrito em 06\/07\/2021<\/p>\n","protected":false},"excerpt":{"rendered":"<p>A m\u00fasica e eu temos uma \u201crela\u00e7\u00e3o plat\u00f4nica\u201d. Quero dizer, nunca fomos \u201c\u00e0s vias de fato\u201d. Eu amo a m\u00fasica, mas n\u00e3o entendo praticamente nada de sua estrutura t\u00e9cnica, a forma de sua representa\u00e7\u00e3o matem\u00e1tica (segundo me contou um colega da ECA que estava fazendo doutorado em percuss\u00e3o). N\u00e3o consigo entender, na maioria dos casos, &hellip; <\/p>\n<p class=\"link-more\"><a href=\"https:\/\/paponavaranda.blog.br\/?p=269\" class=\"more-link\">Continue lendo<span class=\"screen-reader-text\"> &#8220;<strong>A M\u00daSICA E EU<\/strong>&#8220;<\/span><\/a><\/p>\n","protected":false},"author":1,"featured_media":0,"comment_status":"open","ping_status":"open","sticky":false,"template":"","format":"standard","meta":{"_crdt_document":"","advanced_seo_description":"","jetpack_seo_html_title":"","jetpack_seo_noindex":false,"_jetpack_memberships_contains_paid_content":false,"footnotes":""},"categories":[4],"tags":[],"class_list":["post-269","post","type-post","status-publish","format-standard","hentry","category-livro"],"jetpack_featured_media_url":"","jetpack_sharing_enabled":true,"jetpack_shortlink":"https:\/\/wp.me\/p4SGe6-4l","_links":{"self":[{"href":"https:\/\/paponavaranda.blog.br\/index.php?rest_route=\/wp\/v2\/posts\/269","targetHints":{"allow":["GET"]}}],"collection":[{"href":"https:\/\/paponavaranda.blog.br\/index.php?rest_route=\/wp\/v2\/posts"}],"about":[{"href":"https:\/\/paponavaranda.blog.br\/index.php?rest_route=\/wp\/v2\/types\/post"}],"author":[{"embeddable":true,"href":"https:\/\/paponavaranda.blog.br\/index.php?rest_route=\/wp\/v2\/users\/1"}],"replies":[{"embeddable":true,"href":"https:\/\/paponavaranda.blog.br\/index.php?rest_route=%2Fwp%2Fv2%2Fcomments&post=269"}],"version-history":[{"count":1,"href":"https:\/\/paponavaranda.blog.br\/index.php?rest_route=\/wp\/v2\/posts\/269\/revisions"}],"predecessor-version":[{"id":270,"href":"https:\/\/paponavaranda.blog.br\/index.php?rest_route=\/wp\/v2\/posts\/269\/revisions\/270"}],"wp:attachment":[{"href":"https:\/\/paponavaranda.blog.br\/index.php?rest_route=%2Fwp%2Fv2%2Fmedia&parent=269"}],"wp:term":[{"taxonomy":"category","embeddable":true,"href":"https:\/\/paponavaranda.blog.br\/index.php?rest_route=%2Fwp%2Fv2%2Fcategories&post=269"},{"taxonomy":"post_tag","embeddable":true,"href":"https:\/\/paponavaranda.blog.br\/index.php?rest_route=%2Fwp%2Fv2%2Ftags&post=269"}],"curies":[{"name":"wp","href":"https:\/\/api.w.org\/{rel}","templated":true}]}}