{"id":434,"date":"2022-07-13T16:57:13","date_gmt":"2022-07-13T19:57:13","guid":{"rendered":"https:\/\/paponavaranda.blog.br\/?p=434"},"modified":"2024-11-27T16:16:43","modified_gmt":"2024-11-27T19:16:43","slug":"janelas-fechadas-e-janelas-abertas","status":"publish","type":"post","link":"https:\/\/paponavaranda.blog.br\/?p=434","title":{"rendered":"<strong>JANELAS FECHADAS E JANELAS ABERTAS<\/strong>"},"content":{"rendered":"\n<p class=\"wp-block-paragraph\">H\u00e1 dias em que estamos alegres, mesmo quando n\u00e3o sabemos por qu\u00ea. Simplesmente acordamos assim. Outros dias, da mesma forma, acordamos tristes. Muitas vezes tamb\u00e9m n\u00e3o sabemos a causa da tristeza. Simplesmente acordamos com essa sensa\u00e7\u00e3o. E h\u00e1 dias em que estamos mais introspectivos. Na maioria desses casos, acabamos descobrindo o que nos fez acordar assim. Ontem, quando fui deitar eu sabia que hoje seria um dia introspectivo. Hoje faz dois anos que a Viviane nos deixou.<em> <strong>Nos<\/strong><\/em> porque ela deixou a mim, ao filho, irm\u00e3, tantos primos, primas, tios, tias e tantas amigas, amigos e admiradores da sua produ\u00e7\u00e3o acad\u00eamica. Dif\u00edcil pensar nela com tristeza, a n\u00e3o ser pela sua aus\u00eancia. Mas os \u00faltimos tempos dela foram muito dif\u00edceis, na sua luta contra o c\u00e2ncer. Aquela mulher ativa, que pensava nos outros antes de si mesma, sempre em busca da prote\u00e7\u00e3o de crian\u00e7as e adolescentes contra a viol\u00eancia dom\u00e9stica, saiu de cena aos poucos. Passar os \u00faltimos dias de sua vida presa a uma cama hospitalar e tendo que usar cadeira de rodas para se locomover foi muito dif\u00edcil para ela. Mas ela lutou com todas as suas for\u00e7as, como boa guerreira como sempre foi reconhecida por todos, lutou com as for\u00e7as que tinha. Mas o fim realmente, n\u00e3o \u00e9 uma figura de linguagem, foi para ela um descanso. N\u00e3o me sinto triste pela aus\u00eancia dela, pois sempre me recordo de tantos bons momentos que desfrutamos juntos. Tenho certeza de que ela queria que eu tocasse minha vida da melhor forma poss\u00edvel. \u00c9 o que estou procurando fazer. Essa foi a janela que se fechou.<\/p>\n\n\n\n<p class=\"wp-block-paragraph\">E qual a janela que se abriu? A janela de um novo mundo. N\u00e3o digo isso por causa do isolamento social causada pela pandemia. Mas tamb\u00e9m por isso. Claro, ficar sozinho em casa, sem ter com quem comentar o dia a dia foi bem dif\u00edcil no come\u00e7o. Mas, aos poucos fui procurando formas de compensar esse vazio. N\u00e3o digo preencher porque h\u00e1 espa\u00e7os em nosso cora\u00e7\u00e3o que nunca ser\u00e3o completados. Mas essa aus\u00eancia pode ser abrandada. Comecei a passar mais tempo na cozinha. Na verdade, cozinho todo dia. Uso a minha imagina\u00e7\u00e3o e receitas da Rita Lobo para variar meus pratos. Passei a assistir mais s\u00e9ries e filmes na TV. Passei a ler at\u00e9 tr\u00eas livros ao mesmo tempo. Comecei a escrever estes textos o que, a princ\u00edpio, era s\u00f3 uma forma de preencher o tempo e virou um blog por sugest\u00e3o da minha sobrinha Tania Regina. Reforcei meus contatos antigos, num grupo de troca de experi\u00eancias com a pandemia e hoje funciona como um espa\u00e7o de intera\u00e7\u00e3o com postagens de m\u00fasicas, textos motivacionais, textos engra\u00e7ados, curiosidades. S\u00f3 n\u00e3o falamos de pol\u00edtica para n\u00e3o dar confus\u00e3o. Retomei os contatos com primas, primos e amigos e amigas que estavam geograficamente distantes. Estabeleci contato com uma tia da Viviane que nunca encontrei pessoalmente, com o primo da Viviane que s\u00f3 encontrei uma vez. E, afinal, com uma nova amiga de Florian\u00f3polis. Todas estas \u00faltimas coisas j\u00e1 contei em outro texto. E vou aguardando que outras janelas se abram aos poucos.<\/p>\n\n\n\n<p class=\"wp-block-paragraph\">Enfim, um dia introspectivo n\u00e3o \u00e9, necessariamente, um dia triste. Hoje estou recordando boas lembran\u00e7as e planejando o que vou fazer assim que for poss\u00edvel.<\/p>\n\n\n\n<p class=\"wp-block-paragraph\">Escrito em 13\/07\/2022<\/p>\n","protected":false},"excerpt":{"rendered":"<p>H\u00e1 dias em que estamos alegres, mesmo quando n\u00e3o sabemos por qu\u00ea. Simplesmente acordamos assim. Outros dias, da mesma forma, acordamos tristes. Muitas vezes tamb\u00e9m n\u00e3o sabemos a causa da tristeza. Simplesmente acordamos com essa sensa\u00e7\u00e3o. E h\u00e1 dias em que estamos mais introspectivos. Na maioria desses casos, acabamos descobrindo o que nos fez acordar &hellip; <\/p>\n<p class=\"link-more\"><a href=\"https:\/\/paponavaranda.blog.br\/?p=434\" class=\"more-link\">Continue lendo<span class=\"screen-reader-text\"> &#8220;<strong>JANELAS FECHADAS E JANELAS ABERTAS<\/strong>&#8220;<\/span><\/a><\/p>\n","protected":false},"author":1,"featured_media":0,"comment_status":"open","ping_status":"open","sticky":false,"template":"","format":"standard","meta":{"_crdt_document":"","advanced_seo_description":"","jetpack_seo_html_title":"","jetpack_seo_noindex":false,"_jetpack_memberships_contains_paid_content":false,"footnotes":""},"categories":[4],"tags":[],"class_list":["post-434","post","type-post","status-publish","format-standard","hentry","category-livro"],"jetpack_featured_media_url":"","jetpack_sharing_enabled":true,"jetpack_shortlink":"https:\/\/wp.me\/p4SGe6-70","_links":{"self":[{"href":"https:\/\/paponavaranda.blog.br\/index.php?rest_route=\/wp\/v2\/posts\/434","targetHints":{"allow":["GET"]}}],"collection":[{"href":"https:\/\/paponavaranda.blog.br\/index.php?rest_route=\/wp\/v2\/posts"}],"about":[{"href":"https:\/\/paponavaranda.blog.br\/index.php?rest_route=\/wp\/v2\/types\/post"}],"author":[{"embeddable":true,"href":"https:\/\/paponavaranda.blog.br\/index.php?rest_route=\/wp\/v2\/users\/1"}],"replies":[{"embeddable":true,"href":"https:\/\/paponavaranda.blog.br\/index.php?rest_route=%2Fwp%2Fv2%2Fcomments&post=434"}],"version-history":[{"count":1,"href":"https:\/\/paponavaranda.blog.br\/index.php?rest_route=\/wp\/v2\/posts\/434\/revisions"}],"predecessor-version":[{"id":435,"href":"https:\/\/paponavaranda.blog.br\/index.php?rest_route=\/wp\/v2\/posts\/434\/revisions\/435"}],"wp:attachment":[{"href":"https:\/\/paponavaranda.blog.br\/index.php?rest_route=%2Fwp%2Fv2%2Fmedia&parent=434"}],"wp:term":[{"taxonomy":"category","embeddable":true,"href":"https:\/\/paponavaranda.blog.br\/index.php?rest_route=%2Fwp%2Fv2%2Fcategories&post=434"},{"taxonomy":"post_tag","embeddable":true,"href":"https:\/\/paponavaranda.blog.br\/index.php?rest_route=%2Fwp%2Fv2%2Ftags&post=434"}],"curies":[{"name":"wp","href":"https:\/\/api.w.org\/{rel}","templated":true}]}}