{"id":540,"date":"2024-05-03T19:03:33","date_gmt":"2024-05-03T22:03:33","guid":{"rendered":"https:\/\/paponavaranda.blog.br\/?p=540"},"modified":"2024-11-27T16:13:19","modified_gmt":"2024-11-27T19:13:19","slug":"ponto-de-vista","status":"publish","type":"post","link":"https:\/\/paponavaranda.blog.br\/?p=540","title":{"rendered":"PONTO DE VISTA"},"content":{"rendered":"\n<p class=\"wp-block-paragraph\">Hoje me senti \u00e0 vontade para voltar a escrever. Desde que operei o f\u00eamur, h\u00e1 pouco mais de um ano, deixei de me sentar \u00e0 <em>varanda<\/em> para levar aquele <em>papo<\/em>. Inicialmente tinha uma \u201cjustificativa\u201d f\u00edsica. Era dif\u00edcil sentar para escrever preso a uma cadeira de rodas. Quando passei a usar o andador, tinha a desculpa de que no quarto n\u00e3o havia internet e era dif\u00edcil me concentrar na escrita quando estava na \u00e1rea comum do Residencial. E, afinal, minha pregui\u00e7a para encontrar novas est\u00f3rias para contar. Tentei fazer, como sempre fiz: montar o esbo\u00e7o do texto na minha mente e digitar desenvolvendo essa ideia. Deus \u00e9 testemunha de que tentei. Mas esbarrei na dificuldade de encontrar fatos da minha vida que pudessem ser um bom tema para o Papo na Varanda. E n\u00e3o encontrei (pelo menos at\u00e9 agora). Resolvi produzir um texto de fic\u00e7\u00e3o com alguns tons da minha realidade: isto se chama fic\u00e7\u00e3o. E assim nasceu a Viagem de Trem. Mas ainda n\u00e3o tinha disposi\u00e7\u00e3o para digitar. Aquele texto demorou v\u00e1rios dias para ser produzido, pois logo me sentia cansado. Com isso, fui adiando fazer o que estou fazendo agora, em nome da minha indisposi\u00e7\u00e3o (real), causada por manh\u00e3s de indisposi\u00e7\u00e3o estomacal e tardes de sensa\u00e7\u00e3o de desequil\u00edbrio que me deixavam desanimado. Talvez como resultado de muitas ora\u00e7\u00f5es, da fam\u00edlia, dos amigos e amigas e das minha pr\u00f3prias, tenho me livrado de pelo menos 80% desses mal estares. H\u00e1 dois dias que minha n\u00e1usea se dissipa rapidamente e tenho-me sentido bem equilibrado, pouco precisando de apoio para caminhar. E, afinal, senti disposi\u00e7\u00e3o para retomar em dos meus passatempos prediletos: escrever. E aqui me tens de regresso, caro teclado.<\/p>\n\n\n\n<p class=\"wp-block-paragraph\">Mas persistia a d\u00favida: sobre o qu\u00ea escrever? At\u00e9, eureca!, achei um caminho que vai facilitar um pouco minha tarefa. Resolvi abordar fatos do nosso dia a dia. Afinal todo dia acontece algo que nos chama a aten\u00e7\u00e3o e, sobre isso, sempre \u00e9 poss\u00edvel fazer observa\u00e7\u00f5es e emitir opini\u00e3o, com o \u00fanico <em>risco<\/em> de provocar opini\u00f5es contr\u00e1rias que at\u00e9 me servir\u00e3o para rever ou consolidar minha interpreta\u00e7\u00e3o. Ent\u00e3o, bolei como que um subt\u00edtulo para o blog: Papo na Varanda \u2013 PONTO DE VISTA. Vamos l\u00e1, espero que gostem e digam do que n\u00e3o gostem.<\/p>\n\n\n\n<p class=\"wp-block-paragraph\">Vou come\u00e7ar pelo do meu xar\u00e1 \u201cTio Paulo\u201d. O cad\u00e1ver \u00e0 frente do caixa do banco para levantar um empr\u00e9stimo. Logo que a not\u00edcia foi para o ar, come\u00e7aram os julgamentos. De cara, a imprensa noticiou com texto do tipo: \u201cmulher leva homem morto para levantar empr\u00e9stimo\u201d. Pronto! <em>Veja na grava\u00e7\u00e3o uma tentativa de estelionato! <\/em>Como sempre, a primeira impress\u00e3o pode n\u00e3o ser totalmente real. Num segundo momento, a mulher passou a ser identificada como sobrinha e cuidadora do idoso que ela chamava de tio Paulo. J\u00e1 se notava uma pequena mudan\u00e7a na classifica\u00e7\u00e3o da \u201cestelionat\u00e1ria\u201d. Depois mostraram v\u00eddeos dela com o \u201ctio\u201d entrando em lojas de empr\u00e9stimos e no pr\u00f3prio banco e, aparentemente pelo menos, com vida. Come\u00e7am a surgir as primeiras d\u00favidas: ser\u00e1 que estava vivo quando entrou no banco?; por que ela esteve em lojas de empr\u00e9stimos?; aquele v\u00eddeo que mostra a retirada dele de um carro de aplicativo, foi quando?; como o banco poderia ter o contrato de empr\u00e9stimo pronto para ele assinar? At\u00e9 ent\u00e3o havia mais perguntas, mas parece que foi abandonada a classifica\u00e7\u00e3o dela como estelionat\u00e1ria. E, a certa altura, a advogada apresenta comprova\u00e7\u00e3o de que ela estava em tratamento psiqui\u00e1trico; mas, qual \u00e9 o diagn\u00f3stico?; que tipo diagn\u00f3stico permitiria que ela cuidasse da filha com \u201cnecessidades especiais\u201d (que necessidades seriam?). \u00a0Dependendo desse diagn\u00f3stico, pode ser que ela n\u00e3o tivesse consci\u00eancia da situa\u00e7\u00e3o real do tio. Talvez por esta d\u00favida ela tenha sido solta para responder ao inqu\u00e9rito em liberdade. Enfim, ainda h\u00e1 mais pontos de interroga\u00e7\u00f5es \u00e0 espera de respostas, que, espero, ser\u00e3o respondidas no inqu\u00e9rito.\u00a0 Qual a minha conclus\u00e3o? Temos uma tend\u00eancia de julgar as pessoas sem conhecer toda verdade sobre elas. \u00c9 preciso aprendermos a ver todos os fatos antes de julgar algu\u00e9m. E prestar aten\u00e7\u00e3o nas not\u00edcias veiculadas na imprensa, que emitem not\u00edcias sensacionalistas, no af\u00e3 ocupar o maior espa\u00e7o na m\u00eddia e redes sociais ou, o que \u00e9 muito pior, em certos casos, transmitir sub-repticiamente, posi\u00e7\u00f5es ideol\u00f3gicas. Vejamos onde tudo isso vai dar&#8230;<\/p>\n\n\n\n<p class=\"has-text-align-right wp-block-paragraph\">Escrito em 03\/05\/2024<\/p>\n","protected":false},"excerpt":{"rendered":"<p>Hoje me senti \u00e0 vontade para voltar a escrever. Desde que operei o f\u00eamur, h\u00e1 pouco mais de um ano, deixei de me sentar \u00e0 varanda para levar aquele papo. Inicialmente tinha uma \u201cjustificativa\u201d f\u00edsica. Era dif\u00edcil sentar para escrever preso a uma cadeira de rodas. Quando passei a usar o andador, tinha a desculpa &hellip; <\/p>\n<p class=\"link-more\"><a href=\"https:\/\/paponavaranda.blog.br\/?p=540\" class=\"more-link\">Continue lendo<span class=\"screen-reader-text\"> &#8220;PONTO DE VISTA&#8221;<\/span><\/a><\/p>\n","protected":false},"author":1,"featured_media":0,"comment_status":"open","ping_status":"open","sticky":false,"template":"","format":"standard","meta":{"_crdt_document":"","advanced_seo_description":"","jetpack_seo_html_title":"","jetpack_seo_noindex":false,"_jetpack_memberships_contains_paid_content":false,"footnotes":""},"categories":[4],"tags":[],"class_list":["post-540","post","type-post","status-publish","format-standard","hentry","category-livro"],"jetpack_featured_media_url":"","jetpack_sharing_enabled":true,"jetpack_shortlink":"https:\/\/wp.me\/p4SGe6-8I","_links":{"self":[{"href":"https:\/\/paponavaranda.blog.br\/index.php?rest_route=\/wp\/v2\/posts\/540","targetHints":{"allow":["GET"]}}],"collection":[{"href":"https:\/\/paponavaranda.blog.br\/index.php?rest_route=\/wp\/v2\/posts"}],"about":[{"href":"https:\/\/paponavaranda.blog.br\/index.php?rest_route=\/wp\/v2\/types\/post"}],"author":[{"embeddable":true,"href":"https:\/\/paponavaranda.blog.br\/index.php?rest_route=\/wp\/v2\/users\/1"}],"replies":[{"embeddable":true,"href":"https:\/\/paponavaranda.blog.br\/index.php?rest_route=%2Fwp%2Fv2%2Fcomments&post=540"}],"version-history":[{"count":1,"href":"https:\/\/paponavaranda.blog.br\/index.php?rest_route=\/wp\/v2\/posts\/540\/revisions"}],"predecessor-version":[{"id":541,"href":"https:\/\/paponavaranda.blog.br\/index.php?rest_route=\/wp\/v2\/posts\/540\/revisions\/541"}],"wp:attachment":[{"href":"https:\/\/paponavaranda.blog.br\/index.php?rest_route=%2Fwp%2Fv2%2Fmedia&parent=540"}],"wp:term":[{"taxonomy":"category","embeddable":true,"href":"https:\/\/paponavaranda.blog.br\/index.php?rest_route=%2Fwp%2Fv2%2Fcategories&post=540"},{"taxonomy":"post_tag","embeddable":true,"href":"https:\/\/paponavaranda.blog.br\/index.php?rest_route=%2Fwp%2Fv2%2Ftags&post=540"}],"curies":[{"name":"wp","href":"https:\/\/api.w.org\/{rel}","templated":true}]}}