{"id":556,"date":"2024-11-05T17:11:20","date_gmt":"2024-11-05T20:11:20","guid":{"rendered":"https:\/\/paponavaranda.blog.br\/?p=556"},"modified":"2024-12-07T17:20:03","modified_gmt":"2024-12-07T20:20:03","slug":"mauricio","status":"publish","type":"post","link":"https:\/\/paponavaranda.blog.br\/?p=556","title":{"rendered":"MAURICIO"},"content":{"rendered":"\n<p class=\"wp-block-paragraph\">Era uma manh\u00e3 de primavera e eu caminhava para meu escrit\u00f3rio aproveitando o sol ameno, t\u00edpico da esta\u00e7\u00e3o, quando ouvi uma voz conhecida me chamando:<\/p>\n\n\n\n<p class=\"wp-block-paragraph\">&#8211; Bom dia, dot\u00f4!<\/p>\n\n\n\n<p class=\"wp-block-paragraph\">S\u00f3 podia ser ele. Olhei para a dire\u00e7\u00e3o da voz:<\/p>\n\n\n\n<p class=\"wp-block-paragraph\">&#8211; Bom dia, Mauricio! Quanto tempo que n\u00e3o nos vemos! O que voc\u00ea anda fazendo?<\/p>\n\n\n\n<p class=\"wp-block-paragraph\">&#8211; Estou trabalhando, dot\u00f4, como faxineiro&#8230;<\/p>\n\n\n\n<p class=\"wp-block-paragraph\">&#8211; Como? Voc\u00ea, faxineiro? Que hist\u00f3ria \u00e9 essa?<\/p>\n\n\n\n<p class=\"wp-block-paragraph\">&#8211; Pois \u00e9, dot\u00f4, as crian\u00e7as t\u00eam que comer&#8230;<\/p>\n\n\n\n<p class=\"wp-block-paragraph\">Eu estava em cima da hora para uma reuni\u00e3o e n\u00e3o podia estender a conversa. Dei a ele um cart\u00e3o da minha empresa de S\u00edndico Profissional:<\/p>\n\n\n\n<p class=\"wp-block-paragraph\">&#8211; Apare\u00e7a l\u00e1 qualquer hora. Mas marque o dia porque paro pouco no escrit\u00f3rio.<\/p>\n\n\n\n<p class=\"wp-block-paragraph\">&#8211; Vou sim, dot\u00f4. \u2013 (ele sempre chamava todos de Dot\u00f4&#8230;)<\/p>\n\n\n\n<p class=\"wp-block-paragraph\">Durante o dia fiquei me lembrando do Mauricio. Ele era o L\u00edder da Portaria no pr\u00e9dio para onde eu me mudara h\u00e1 cerca de um ano. Era um angolano t\u00edpico: estatura acima da m\u00e9dia, esguio, negro retinto onde se destacavam os dentes brancos quando dava seu sorriso f\u00e1cil. E um vozeir\u00e3o de baixo. Chegara ainda crian\u00e7a com os pais que vieram em busca de uma vida melhor. H\u00e1 10 anos fora admitido como faxineiro e fez uma pequena carreira, passando de faxineiro a porteiro e, de porteiro a L\u00edder da Portaria com responsabilidade por tr\u00eas porteiros e um folguista. Eu costumo andar em volta do pr\u00e9dio toda manh\u00e3 e sempre parava na portaria para dar dois dedos de prosa com ele. Num desses papos, ele me mostrou a foto da esposa, tamb\u00e9m angolana, e das filhas de 5 e 3 anos, que n\u00e3o negavam as origens. Certa manh\u00e3 e o encontrei com semblante triste, muito diferente do seu normal. N\u00e3o consegui me conter e perguntei:<\/p>\n\n\n\n<p class=\"wp-block-paragraph\">&#8211; Algum problema, Mauricio?<\/p>\n\n\n\n<p class=\"wp-block-paragraph\">&#8211; Sim, dot\u00f4. Na semana passada o dot\u00f4 Silv\u00e9rio &#8211; (um delegado de pol\u00edcia que tinha se mudado para o pr\u00e9dio h\u00e1 algumas semanas) &#8211; pediu uma pizza e quando ela chegou interfonei para ele. Ele pediu para o entregador levar para a porta do apartamento dele. Eu informei que, pelo regulamento do condom\u00ednio, os entregadores n\u00e3o podiam entrar. Ent\u00e3o ele pediu que eu levasse. Falei que essa tamb\u00e9m era a regra, que n\u00e3o podia sair da portaria a n\u00e3o a servi\u00e7o do pr\u00e9dio. Ele ficou furioso, bateu o interfone na minha cara e desceu para pegar a pizza.;<\/p>\n\n\n\n<p class=\"wp-block-paragraph\">&#8211; E a\u00ed, seu negrinho de m* (desculpe, n\u00e3o falo palavr\u00e3o&#8230;), quem voc\u00ea est\u00e1 pensando que \u00e9 seu filho da p*? Volta para a m* do seu pa\u00eds.<\/p>\n\n\n\n<p class=\"wp-block-paragraph\">&#8211; Ele foi embora bufando. Ontem ele pediu pizza novamente e novamente fui eu que recebi. Avisei pelo interfone e ele disse que estava tomando banho e logo desceria para pegar. Depois de uma meia hora ele desceu e falou:<\/p>\n\n\n\n<p class=\"wp-block-paragraph\">&#8211; Voc\u00ea n\u00e3o perde por esperar, seu morto de fome.<\/p>\n\n\n\n<p class=\"wp-block-paragraph\">&#8211; Hoje cedo o dot\u00f4 Ant\u00f4nio (o s\u00edndico) passou aqui e me falou:<\/p>\n\n\n\n<p class=\"wp-block-paragraph\">&#8211; \u00d4 Maur\u00edcio, que hist\u00f3ria e essa de voc\u00ea entregar a pizza para o Dr. Silv\u00e9rio com dois peda\u00e7os faltando? Voc\u00ea me espera aqui e na hora do almo\u00e7o vamos conversar porque agora n\u00e3o tenho tempo.<\/p>\n\n\n\n<p class=\"wp-block-paragraph\">&#8211; Dot\u00f4, juro que n\u00e3o mexi na pizza, mas vai ser a minha palavra contra a do dot\u00f4 Silv\u00e9rio&#8230;<\/p>\n\n\n\n<p class=\"wp-block-paragraph\">&#8211; Tenha calma, Mauricio. Fique tranquilo que logo tudo se esclarecer\u00e1. Bom dia.<\/p>\n\n\n\n<p class=\"wp-block-paragraph\">Quando voltei para casa \u00e0 noite o j\u00e1 Mauricio n\u00e3o estava l\u00e1. Perguntei por ele, mas fui informado que ele tinha sido demitido. Com certeza, como ele mesmo tinha previsto, foi sua palavra contra a do delegado. Senti-me revoltado. Como uma pessoa pode ser t\u00e3o truculenta, racista e xen\u00f3foba&#8230; Tudo isso me veio \u00e0 mente quando reencontrei o Mauricio, quase dois meses ap\u00f3s sua demiss\u00e3o. Dois dias ele j\u00e1 me ligou. Perguntei que ele horas ele saia do emprego e marcamos para as 18h no escrit\u00f3rio.<\/p>\n\n\n\n<p class=\"wp-block-paragraph\">&#8211; Boa tarde, dot\u00f4. Obrigado por me receber.<\/p>\n\n\n\n<p class=\"wp-block-paragraph\">&#8211; Bom te ver novamente, Mauricio. Que hist\u00f3ria \u00e9 essa de voc\u00ea estar trabalhando como faxineiro?<\/p>\n\n\n\n<p class=\"wp-block-paragraph\">&#8211; Pois \u00e9, dot\u00f4, o seu pr\u00e9dio foi meu primeiro emprego. Era a \u00fanica refer\u00eancia que tinha para me candidatar para cargos de portaria. E quando ligavam para o dot\u00f4 Ant\u00f4nio ele dava m\u00e1s refer\u00eancias. E eu tenho que por comida na mesa para minha fam\u00edlia. Ent\u00e3o aceitei o emprego numa empresa que terceiriza o servi\u00e7o de faxina em hospitais.<\/p>\n\n\n\n<p class=\"wp-block-paragraph\">&#8211; Te entendo. Mas voc\u00ea pode achar coisa melhor. Por coincid\u00eancia um pequeno pr\u00e9dio que administro &#8211; s\u00e3o apenas 10 apartamentos &#8211; est\u00e1 precisando de um Zelador. Vou apresentar seu nome para o Conselho de Administra\u00e7\u00e3o e serei sua refer\u00eancia. Acho que na pr\u00f3xima semana j\u00e1 terei boas not\u00edcias para voc\u00ea. Boa noite.<\/p>\n\n\n\n<p class=\"wp-block-paragraph\">&#8211; Boa noite, dot\u00f4. E obrigado por tudo.<\/p>\n\n\n\n<p class=\"wp-block-paragraph\">De fato, com as minhas refer\u00eancias o Conselho de Administra\u00e7\u00e3o aprovou a contrata\u00e7\u00e3o dele como Zelador. Depois do primeiro m\u00eas de experi\u00eancia verifiquei que ele estava aprovado! Quando fui falar com ele sobre sua efetiva\u00e7\u00e3o e verificar se estava tudo em ordem com o sal\u00e1rio ele abriu aquele sorriso de dentes brancos, real\u00e7ados pela negritude da pele, e me falou:<\/p>\n\n\n\n<p class=\"wp-block-paragraph\">&#8211; Dot\u00f4, com esse sal\u00e1rio melhorzinho tomei a decis\u00e3o de me matricular num curso T\u00e9cnico de Administra\u00e7\u00e3o e depois vou fazer um curso de S\u00edndico Profissional.<\/p>\n\n\n\n<p class=\"wp-block-paragraph\">Sa\u00ed daquela conversa com a alma leve, por ter conseguido ajudar uma pessoa a ter o que merece.<\/p>\n\n\n\n<p class=\"has-text-align-right wp-block-paragraph\">Escrito em 05 de novembro de 2024<\/p>\n\n\n\n<p class=\"wp-block-paragraph\"><\/p>\n","protected":false},"excerpt":{"rendered":"<p>Era uma manh\u00e3 de primavera e eu caminhava para meu escrit\u00f3rio aproveitando o sol ameno, t\u00edpico da esta\u00e7\u00e3o, quando ouvi uma voz conhecida me chamando: &#8211; Bom dia, dot\u00f4! S\u00f3 podia ser ele. Olhei para a dire\u00e7\u00e3o da voz: &#8211; Bom dia, Mauricio! Quanto tempo que n\u00e3o nos vemos! O que voc\u00ea anda fazendo? &#8211; &hellip; <\/p>\n<p class=\"link-more\"><a href=\"https:\/\/paponavaranda.blog.br\/?p=556\" class=\"more-link\">Continue lendo<span class=\"screen-reader-text\"> &#8220;MAURICIO&#8221;<\/span><\/a><\/p>\n","protected":false},"author":1,"featured_media":0,"comment_status":"open","ping_status":"open","sticky":false,"template":"","format":"standard","meta":{"_crdt_document":"","advanced_seo_description":"","jetpack_seo_html_title":"","jetpack_seo_noindex":false,"_jetpack_memberships_contains_paid_content":false,"footnotes":""},"categories":[4],"tags":[],"class_list":["post-556","post","type-post","status-publish","format-standard","hentry","category-livro"],"jetpack_featured_media_url":"","jetpack_sharing_enabled":true,"jetpack_shortlink":"https:\/\/wp.me\/s4SGe6-mauricio","_links":{"self":[{"href":"https:\/\/paponavaranda.blog.br\/index.php?rest_route=\/wp\/v2\/posts\/556","targetHints":{"allow":["GET"]}}],"collection":[{"href":"https:\/\/paponavaranda.blog.br\/index.php?rest_route=\/wp\/v2\/posts"}],"about":[{"href":"https:\/\/paponavaranda.blog.br\/index.php?rest_route=\/wp\/v2\/types\/post"}],"author":[{"embeddable":true,"href":"https:\/\/paponavaranda.blog.br\/index.php?rest_route=\/wp\/v2\/users\/1"}],"replies":[{"embeddable":true,"href":"https:\/\/paponavaranda.blog.br\/index.php?rest_route=%2Fwp%2Fv2%2Fcomments&post=556"}],"version-history":[{"count":3,"href":"https:\/\/paponavaranda.blog.br\/index.php?rest_route=\/wp\/v2\/posts\/556\/revisions"}],"predecessor-version":[{"id":573,"href":"https:\/\/paponavaranda.blog.br\/index.php?rest_route=\/wp\/v2\/posts\/556\/revisions\/573"}],"wp:attachment":[{"href":"https:\/\/paponavaranda.blog.br\/index.php?rest_route=%2Fwp%2Fv2%2Fmedia&parent=556"}],"wp:term":[{"taxonomy":"category","embeddable":true,"href":"https:\/\/paponavaranda.blog.br\/index.php?rest_route=%2Fwp%2Fv2%2Fcategories&post=556"},{"taxonomy":"post_tag","embeddable":true,"href":"https:\/\/paponavaranda.blog.br\/index.php?rest_route=%2Fwp%2Fv2%2Ftags&post=556"}],"curies":[{"name":"wp","href":"https:\/\/api.w.org\/{rel}","templated":true}]}}