{"id":713,"date":"2026-04-24T10:07:23","date_gmt":"2026-04-24T13:07:23","guid":{"rendered":"https:\/\/paponavaranda.blog.br\/?p=713"},"modified":"2026-04-24T10:07:23","modified_gmt":"2026-04-24T13:07:23","slug":"gui-gui-curiosa","status":"publish","type":"post","link":"https:\/\/paponavaranda.blog.br\/?p=713","title":{"rendered":"GUI-GUI CURIOSA"},"content":{"rendered":"\n<p class=\"wp-block-paragraph\"><em>&#8211; Bom dia, Paulo.<\/em><\/p>\n\n\n\n<p class=\"wp-block-paragraph\">&#8211; Nossa!, Gui-Gui, voc\u00ea falou que n\u00e3o ia demorar muito dessa vez porque j\u00e1 estava com uma ideia na cabe\u00e7a, mas n\u00e3o achei que voc\u00ea voltaria t\u00e3o cedo.<\/p>\n\n\n\n<p class=\"wp-block-paragraph\"><em>&#8211; \u00c9 verdade, mas o motivo da minha volta n\u00e3o \u00e9 por causa da nova ideia. Fiquei muito curiosa sobre coisas que voc\u00ea me falou sobre a P\u00e1scoa. Voc\u00ea disse que \u201coriginalmente\u201d a P\u00e1scoa era uma data religiosa. E enfatizou o \u201coriginalmente\u201d. O que significa isso?<\/em><\/p>\n\n\n\n<p class=\"wp-block-paragraph\">&#8211; Lembra que falei que a&nbsp; B\u00edblia era um livro sagrado, tamb\u00e9m chamado de Sagradas Escrituras? \u201cSagrado\u201d refere-se algo digno de venera\u00e7\u00e3o, respeito profundo ou dedicado a uma divindade. A P\u00e1scoa celebra fatos narrados na B\u00edblia e, por isso, \u00e9 considerada um evento religioso. Quando eu digo originalmente \u00e9 porque s\u00e3o cerim\u00f4nias que lembram passagens da B\u00edblia. No caso dos crist\u00e3os, o que se comemora vem do Novo Testamento e se refere \u00e0 Paix\u00e3o, Morte e Ressurrei\u00e7\u00e3o de Jesus Cristo.<\/p>\n\n\n\n<p class=\"wp-block-paragraph\"><em>&#8211; E por que Ele morreu?<\/em><\/p>\n\n\n\n<p class=\"wp-block-paragraph\">&#8211; As profecias do Velho Testamentos falavam da chegada \u00e0 Terra de um Messias, que viria para tirar o pecado do mundo. Ent\u00e3o ele j\u00e1 esperado, n\u00e3o s\u00f3 pelo povo como pelos poderosos e falsos l\u00edderes, pois temiam perder o controle da popula\u00e7\u00e3o. E realmente, aos 30 anos, e durante os tr\u00eas \u00faltimos anos de vida, Jesus percorreu v\u00e1rias cidades com uma mensagem de amor, valoriza\u00e7\u00e3o do ser humano, uma vida de acordo as leis de Deus e n\u00e3o submiss\u00e3o a falsos l\u00edderes e governantes cru\u00e9is. Durante tr\u00eas anos ele falou para multid\u00f5es cada vez maiores. Fez diversos milagres para demonstrar seu poder divino. Alguns come\u00e7aram a cham\u00e1-lo de&nbsp; Rei dos Judeus e ele sempre dizia que seu reino n\u00e3o era deste mundo.<\/p>\n\n\n\n<p class=\"wp-block-paragraph\"><em>&#8211; Mas, ent\u00e3o, por que ele, que era uma pessoa t\u00e3o boa, morreu t\u00e3o jovem?<\/em><\/p>\n\n\n\n<p class=\"wp-block-paragraph\">&#8211; Pois \u00e9 Gui-Gui. Ele morreu porque os poderosos se sentiram amea\u00e7ados. Levantaram mentiras sobre ele e, por causa delas, foi preso, torturado e condenado \u00e0 morte por crucifica\u00e7\u00e3o, que era a pena aplicada a ladr\u00f5es e assassinos. Essa \u00e9 a parte da Paix\u00e3o de Jesus. Depois vem a Morte dele, pregado na cruz. E, para terminar, a Ressurrei\u00e7\u00e3o tr\u00eas dias ap\u00f3s sua morte. Isso tudo foi poss\u00edvel porque Jesus era Filho do Deus Pai e veio para vencer o pecado e a morte. Esse acontecimento \u00e9 mais importante para os crist\u00e3os.<\/p>\n\n\n\n<p class=\"wp-block-paragraph\"><em>&#8211; Nossa! Que hist\u00f3ria triste, mas com um final feliz. E voc\u00ea disse tamb\u00e9m que essa celebra\u00e7\u00e3o virou uma data comercial. Voc\u00ea sabe como era antes?<\/em><\/p>\n\n\n\n<p class=\"wp-block-paragraph\">&#8211; N\u00e3o s\u00f3 lembro como vivi o fim do car\u00e1ter religioso da P\u00e1scoa. Mas, gra\u00e7as a Deus, tem muita gente que ainda considera a P\u00e1scoa uma festa religiosa. S\u00e3o doces lembran\u00e7as da minha inf\u00e2ncia e juventude. A Semana Santa come\u00e7ava no Domingo de Ramos, lembrando entrada de Jesus em Jerusal\u00e9m com o povo estendo ramos pelo seu caminho. A gente ia para as missas com um ramo de alguma planta. O padre benzia os ramos e eles eram levados e deixados a secar. Quando desabava uma tempestade pavorosa com ventos e raios, as pessoas queimavam esses ramos pedindo a prote\u00e7\u00e3o de Santa Barbara.<\/p>\n\n\n\n<p class=\"wp-block-paragraph\">Na Quinta Feira Santa pass\u00e1vamos algum tempo na igreja acompanhando duas cerim\u00f4nias. O Lavap\u00e9s, lembrando a ocasi\u00e3o em que Jesus lavou os p\u00e9s dos ap\u00f3stolos. E a Via Sacra, relembrando 14 etapas da Paix\u00e3o, Morte e Ressurei\u00e7\u00e3o de Jesus, desde seu julgamento e condena\u00e7\u00e3o at\u00e9 sua Ressurei\u00e7\u00e3o. Eram 14 imagens distribu\u00eddas pela igreja. Os fi\u00e9is e o padre iam de esta\u00e7\u00e3o em esta\u00e7\u00e3o; em cada uma era lida uma descri\u00e7\u00e3o da esta\u00e7\u00e3o, feitas algumas ora\u00e7\u00f5es e o padre fala algumas palavras.<\/p>\n\n\n\n<p class=\"wp-block-paragraph\">Na Sexta Feira Santa n\u00e3o havia nenhuma cerim\u00f4nia na igreja. \u00cdamos na igreja para passar em frente da imagem do Senhor Morto. Se me lembro bem, havia duas prociss\u00f5es. Uma era a chamada a Prociss\u00e3o do Encontro. Na verdade eram duas prociss\u00f5es que saiam em sentidos opostos. Uma levava um andor com a imagem de Nossa Senhora (das Dores?) e a outra com a imagem de Jesus levando a cruz; as prociss\u00f5es se encontravam numa pracinha perto da minha casa. Fic\u00e1vamos em frente de casa assistindo a prociss\u00e3o passar e algumas vezes a segu\u00edamos por um tempo. Lembro bem que minha av\u00f3 Cec\u00edlia, m\u00e3e do meu pai, ficava em casa para acompanhar tamb\u00e9m a Prociss\u00e3o de Enterro, \u00e0s 21h. Como observado fielmente, era dia de jejum e abstin\u00eancia. N\u00e3o havia jantar; faz\u00edamos um lanche, s\u00f3 caf\u00e9 com leite e p\u00e3o com manteiga. Na Prociss\u00e3o do Enterro a banda vinha tocando m\u00fasicas f\u00fanebres; um andor trazia o caix\u00e3o de Jesus. Atr\u00e1s vinha uma mulher toda de roxo, com um v\u00e9u tamb\u00e9m roxo. Era a Ver\u00f4nica. De tempos em tempos ela subia num banquinho e cantava uma can\u00e7\u00e3o bem triste, enquanto desenrolava uma esp\u00e9cie de papiro. Na enorme casa ao lado da nossa eles montavam um altar e esse era um dos lugares onde ela cantava e eu ficava muito impressionado.<\/p>\n\n\n\n<p class=\"wp-block-paragraph\">Uma coisa que lembrei depois de terminar de contar e voltei para contar uma curiosidade. Na Sexta Feira Santa as r\u00e1dios s\u00f3 tocavam m\u00fasica orquestrada. E a r\u00e1dio Panamericana (atual Jovem Pan) apresentava um programa chamado O Serm\u00e3o da Montanha. Era tamb\u00e9m s\u00f3 m\u00fasica suaves e sem propaganda. E de vez em quando vinha algum religioso falar: padre, pastor, rabino, etc.<\/p>\n\n\n\n<p class=\"wp-block-paragraph\">S\u00e1bado a \u00fanica coisa que acontecia era a Malha\u00e7\u00e3o de Judas onde era feitos bonecos de pano simbolizando o traidor. O boneco era malhado e, ao fim, &nbsp;punham fogo. Mas isso acontecia bem longe da igreja.<\/p>\n\n\n\n<p class=\"wp-block-paragraph\">E, enfim, Prociss\u00e3o da Ressurrei\u00e7\u00e3o, que era anunciada \u00e0s 5h da manh\u00e3 com roj\u00f5es e a banda tocando m\u00fasicas muito alegres. Nesse dia t\u00ednhamos o almo\u00e7o de P\u00e1scoa, com alguma comida especial. \u00c9 isso que me lembro. N\u00e3o tenho lembran\u00e7a de ovo de chocolate.<\/p>\n\n\n\n<p class=\"wp-block-paragraph\"><em>&#8211; Que pena que tudo isso se perdeu. Foi bom que voc\u00ea aproveitou.<\/em><\/p>\n\n\n\n<p class=\"wp-block-paragraph\">&#8211; Sim, Gui-Gui. Pena que meus filhos j\u00e1 n\u00e3o viveram tudo isso. Mas foi muito gostoso lembrar de tudo isso para te contar.<\/p>\n\n\n\n<p class=\"wp-block-paragraph\"><em>&#8211; Obrigada, Paulo. Agora j\u00e1 vou indo, antes que escure\u00e7a. At\u00e9 a volta.<\/em><\/p>\n\n\n\n<p class=\"wp-block-paragraph\">&#8211; At\u00e9.<\/p>\n\n\n\n<p class=\"wp-block-paragraph\">Escrito em 04\/04\/2026<\/p>\n","protected":false},"excerpt":{"rendered":"<p>&#8211; Bom dia, Paulo. &#8211; Nossa!, Gui-Gui, voc\u00ea falou que n\u00e3o ia demorar muito dessa vez porque j\u00e1 estava com uma ideia na cabe\u00e7a, mas n\u00e3o achei que voc\u00ea voltaria t\u00e3o cedo. &#8211; \u00c9 verdade, mas o motivo da minha volta n\u00e3o \u00e9 por causa da nova ideia. Fiquei muito curiosa sobre coisas que voc\u00ea &hellip; <\/p>\n<p class=\"link-more\"><a href=\"https:\/\/paponavaranda.blog.br\/?p=713\" class=\"more-link\">Continue lendo<span class=\"screen-reader-text\"> &#8220;GUI-GUI CURIOSA&#8221;<\/span><\/a><\/p>\n","protected":false},"author":1,"featured_media":0,"comment_status":"open","ping_status":"open","sticky":false,"template":"","format":"standard","meta":{"_crdt_document":"","advanced_seo_description":"","jetpack_seo_html_title":"","jetpack_seo_noindex":false,"_jetpack_memberships_contains_paid_content":false,"footnotes":""},"categories":[1],"tags":[],"class_list":["post-713","post","type-post","status-publish","format-standard","hentry","category-uncategorized"],"jetpack_featured_media_url":"","jetpack_sharing_enabled":true,"jetpack_shortlink":"https:\/\/wp.me\/p4SGe6-bv","_links":{"self":[{"href":"https:\/\/paponavaranda.blog.br\/index.php?rest_route=\/wp\/v2\/posts\/713","targetHints":{"allow":["GET"]}}],"collection":[{"href":"https:\/\/paponavaranda.blog.br\/index.php?rest_route=\/wp\/v2\/posts"}],"about":[{"href":"https:\/\/paponavaranda.blog.br\/index.php?rest_route=\/wp\/v2\/types\/post"}],"author":[{"embeddable":true,"href":"https:\/\/paponavaranda.blog.br\/index.php?rest_route=\/wp\/v2\/users\/1"}],"replies":[{"embeddable":true,"href":"https:\/\/paponavaranda.blog.br\/index.php?rest_route=%2Fwp%2Fv2%2Fcomments&post=713"}],"version-history":[{"count":2,"href":"https:\/\/paponavaranda.blog.br\/index.php?rest_route=\/wp\/v2\/posts\/713\/revisions"}],"predecessor-version":[{"id":720,"href":"https:\/\/paponavaranda.blog.br\/index.php?rest_route=\/wp\/v2\/posts\/713\/revisions\/720"}],"wp:attachment":[{"href":"https:\/\/paponavaranda.blog.br\/index.php?rest_route=%2Fwp%2Fv2%2Fmedia&parent=713"}],"wp:term":[{"taxonomy":"category","embeddable":true,"href":"https:\/\/paponavaranda.blog.br\/index.php?rest_route=%2Fwp%2Fv2%2Fcategories&post=713"},{"taxonomy":"post_tag","embeddable":true,"href":"https:\/\/paponavaranda.blog.br\/index.php?rest_route=%2Fwp%2Fv2%2Ftags&post=713"}],"curies":[{"name":"wp","href":"https:\/\/api.w.org\/{rel}","templated":true}]}}